{"id":332078,"date":"2025-08-20T17:28:14","date_gmt":"2025-08-20T17:28:14","guid":{"rendered":"https:\/\/www.europesays.com\/fr\/332078\/"},"modified":"2025-08-20T17:28:14","modified_gmt":"2025-08-20T17:28:14","slug":"paris-demeure-la-ville-universitaire-la-plus-onereuse-de-france","status":"publish","type":"post","link":"https:\/\/www.europesays.com\/fr\/332078\/","title":{"rendered":"Paris demeure la ville universitaire la plus on\u00e9reuse de France"},"content":{"rendered":"<p data-end=\"347\" data-start=\"79\"><strong>Paris demeure en t\u00eate du classement des villes universitaires fran\u00e7aises o\u00f9 le co\u00fbt de la vie est le plus \u00e9lev\u00e9, avec un budget mensuel estim\u00e9 \u00e0 plus de 1 600 euros en 2025, selon l\u2019\u00e9tude annuelle de l\u2019Union nationale des \u00e9tudiants de France (Unef) publi\u00e9e mercredi.<\/strong><\/p>\n<p data-end=\"526\" data-start=\"349\">D\u2019apr\u00e8s l\u2019Unef, il faut d\u00e9sormais compter 1 627 euros par mois pour suivre des \u00e9tudes sup\u00e9rieures dans la capitale, soit une augmentation de 4,13 % par rapport \u00e0 l\u2019an dernier.<\/p>\n<p data-end=\"869\" data-start=\"528\">Parmi les villes \u00e9tudiantes les plus ch\u00e8res de France, on retrouve \u00e9galement Nice et Lyon, principalement en raison de la hausse des loyers. Nice confirme sa position de ville la plus co\u00fbteuse de province, atteignant des niveaux comparables \u00e0 ceux de l\u2019\u00cele-de-France, avec un loyer moyen de 675 euros par mois en 2025, en hausse de 1,66 %.<\/p>\n<p data-end=\"1153\" data-start=\"871\">Lyon, pour sa part, int\u00e8gre le top 10 des villes \u00e9tudiantes les plus on\u00e9reuses, gagnant une place dans le classement. Cette progression s\u2019explique par l\u2019augmentation du loyer, qui s\u2019\u00e9l\u00e8ve d\u00e9sormais \u00e0 623 euros par mois, soit +4,18 % et 25 euros suppl\u00e9mentaires par rapport \u00e0 2024.<\/p>\n<p data-end=\"1440\" data-start=\"1155\">\u00c0 l\u2019oppos\u00e9, Limoges conserve sa place de ville la moins ch\u00e8re pour les \u00e9tudiants, avec un budget moyen de 1 073,06 euros par mois en 2025, gr\u00e2ce \u00e0 des loyers plus accessibles. \u00c0 titre de comparaison, le loyer moyen le plus \u00e9lev\u00e9 atteint 915 euros \u00e0 Paris, contre 385 euros \u00e0 Limoges.<\/p>\n<p data-end=\"1769\" data-start=\"1442\">Globalement, l\u2019Unef souligne que le co\u00fbt de la vie \u00e9tudiante en France a augment\u00e9 de 4,12 % en un an, soit presque le double de la hausse observ\u00e9e l\u2019an dernier (+2,25 %). Le loyer reste la principale d\u00e9pense des \u00e9tudiants, suivi des frais li\u00e9s aux transports, \u00e0 l\u2019alimentation, \u00e0 l\u2019\u00e9nergie et aux inscriptions universitaires.<\/p>\n","protected":false},"excerpt":{"rendered":"Paris demeure en t\u00eate du classement des villes universitaires fran\u00e7aises o\u00f9 le co\u00fbt de la vie est le&hellip;\n","protected":false},"author":2,"featured_media":332079,"comment_status":"","ping_status":"","sticky":false,"template":"","format":"standard","meta":{"footnotes":""},"categories":[1888],"tags":[1111,1928,11,1927,1057,6379,1777,674,1011,27,12,1926,626,1925,25],"class_list":{"0":"post-332078","1":"post","2":"type-post","3":"status-publish","4":"format-standard","5":"has-post-thumbnail","7":"category-paris","8":"tag-actu","9":"tag-actu-paris","10":"tag-actualites","11":"tag-actualites-paris","12":"tag-education","13":"tag-etudiants","14":"tag-eu","15":"tag-europe","16":"tag-fr","17":"tag-france","18":"tag-news","19":"tag-news-paris","20":"tag-paris","21":"tag-paris-news","22":"tag-republique-francaise"},"share_on_mastodon":{"url":"https:\/\/pubeurope.com\/@fr\/115062276330028468","error":""},"_links":{"self":[{"href":"https:\/\/www.europesays.com\/fr\/wp-json\/wp\/v2\/posts\/332078","targetHints":{"allow":["GET"]}}],"collection":[{"href":"https:\/\/www.europesays.com\/fr\/wp-json\/wp\/v2\/posts"}],"about":[{"href":"https:\/\/www.europesays.com\/fr\/wp-json\/wp\/v2\/types\/post"}],"author":[{"embeddable":true,"href":"https:\/\/www.europesays.com\/fr\/wp-json\/wp\/v2\/users\/2"}],"replies":[{"embeddable":true,"href":"https:\/\/www.europesays.com\/fr\/wp-json\/wp\/v2\/comments?post=332078"}],"version-history":[{"count":0,"href":"https:\/\/www.europesays.com\/fr\/wp-json\/wp\/v2\/posts\/332078\/revisions"}],"wp:featuredmedia":[{"embeddable":true,"href":"https:\/\/www.europesays.com\/fr\/wp-json\/wp\/v2\/media\/332079"}],"wp:attachment":[{"href":"https:\/\/www.europesays.com\/fr\/wp-json\/wp\/v2\/media?parent=332078"}],"wp:term":[{"taxonomy":"category","embeddable":true,"href":"https:\/\/www.europesays.com\/fr\/wp-json\/wp\/v2\/categories?post=332078"},{"taxonomy":"post_tag","embeddable":true,"href":"https:\/\/www.europesays.com\/fr\/wp-json\/wp\/v2\/tags?post=332078"}],"curies":[{"name":"wp","href":"https:\/\/api.w.org\/{rel}","templated":true}]}}