{"id":332080,"date":"2025-08-20T17:29:09","date_gmt":"2025-08-20T17:29:09","guid":{"rendered":"https:\/\/www.europesays.com\/fr\/332080\/"},"modified":"2025-08-20T17:29:09","modified_gmt":"2025-08-20T17:29:09","slug":"la-samaritaine-devoile-son-programme-mode-pour-la-rentree","status":"publish","type":"post","link":"https:\/\/www.europesays.com\/fr\/332080\/","title":{"rendered":"La Samaritaine d\u00e9voile son programme mode pour la rentr\u00e9e"},"content":{"rendered":"<p>Du 3 septembre au 29 octobre, La Samaritaine lance sa campagne \u00ab\u00a0Paris en mode capital(e)\u00a0\u00bb. De nombreuses activit\u00e9s mode y seront organis\u00e9es pour la saison automne 2025.\u00a0<\/p>\n<p>Pour c\u00e9l\u00e9brer la rentr\u00e9e, le magazine Grazia s&rsquo;installe au premier \u00e9tage de la Samaritaine o\u00f9 des exp\u00e9riences immersives seront propos\u00e9es. Les visiteurs sont invit\u00e9s \u00e0 parcourir des mini-kiosques d\u00e9di\u00e9s \u00e0 la d\u00e9couverte des tendances, \u00e0 regarder des expositions murales d\u00e9voilant les couvertures iconiques du magazine, et \u00e0 plonger dans ses archives.<\/p>\n<p>En parall\u00e8le, plusieurs pop-upp de marques ouvriront au sein du grand magasin. Du 3 septembre au 7 janvier 2026, Moncler sera pr\u00e9sent au sein d\u2019un pop-up \u00e9volutif. La marque Time 1993 pr\u00e9sentera son concept \u00ab\u00a0Evolving Classic\u00a0\u00bb, valorisant une mode \u00e9l\u00e9gante et intemporelle, avec des collections qui m\u00ealent h\u00e9ritage et innovation.\u00a0Levi Strauss and Co. lancera sa collection Blue Tab.\u00a0<\/p>\n<p>C\u00f4t\u00e9 beaut\u00e9, du 3 septembre au 30 octobre 2025, la marque cor\u00e9enne Born To Stand Out de Jum Lim, distribu\u00e9e dans 65 pays, sera pr\u00e9sent\u00e9e en exclusivit\u00e9 \u00e0 La Samaritaine.\u00a0<\/p>\n<p>Le grand magasin annonce d\u2019autres exclusivit\u00e9s d\u2019ici septembre prochain.\u00a0<\/p>\n","protected":false},"excerpt":{"rendered":"Du 3 septembre au 29 octobre, La Samaritaine lance sa campagne \u00ab\u00a0Paris en mode capital(e)\u00a0\u00bb. De nombreuses activit\u00e9s&hellip;\n","protected":false},"author":2,"featured_media":332081,"comment_status":"","ping_status":"","sticky":false,"template":"","format":"standard","meta":{"footnotes":""},"categories":[1888],"tags":[11,1777,674,1011,27,12,626,25],"class_list":{"0":"post-332080","1":"post","2":"type-post","3":"status-publish","4":"format-standard","5":"has-post-thumbnail","7":"category-paris","8":"tag-actualites","9":"tag-eu","10":"tag-europe","11":"tag-fr","12":"tag-france","13":"tag-news","14":"tag-paris","15":"tag-republique-francaise"},"share_on_mastodon":{"url":"https:\/\/pubeurope.com\/@fr\/115062280282270537","error":""},"_links":{"self":[{"href":"https:\/\/www.europesays.com\/fr\/wp-json\/wp\/v2\/posts\/332080","targetHints":{"allow":["GET"]}}],"collection":[{"href":"https:\/\/www.europesays.com\/fr\/wp-json\/wp\/v2\/posts"}],"about":[{"href":"https:\/\/www.europesays.com\/fr\/wp-json\/wp\/v2\/types\/post"}],"author":[{"embeddable":true,"href":"https:\/\/www.europesays.com\/fr\/wp-json\/wp\/v2\/users\/2"}],"replies":[{"embeddable":true,"href":"https:\/\/www.europesays.com\/fr\/wp-json\/wp\/v2\/comments?post=332080"}],"version-history":[{"count":0,"href":"https:\/\/www.europesays.com\/fr\/wp-json\/wp\/v2\/posts\/332080\/revisions"}],"wp:featuredmedia":[{"embeddable":true,"href":"https:\/\/www.europesays.com\/fr\/wp-json\/wp\/v2\/media\/332081"}],"wp:attachment":[{"href":"https:\/\/www.europesays.com\/fr\/wp-json\/wp\/v2\/media?parent=332080"}],"wp:term":[{"taxonomy":"category","embeddable":true,"href":"https:\/\/www.europesays.com\/fr\/wp-json\/wp\/v2\/categories?post=332080"},{"taxonomy":"post_tag","embeddable":true,"href":"https:\/\/www.europesays.com\/fr\/wp-json\/wp\/v2\/tags?post=332080"}],"curies":[{"name":"wp","href":"https:\/\/api.w.org\/{rel}","templated":true}]}}