{"id":332084,"date":"2025-08-20T17:31:11","date_gmt":"2025-08-20T17:31:11","guid":{"rendered":"https:\/\/www.europesays.com\/fr\/332084\/"},"modified":"2025-08-20T17:31:11","modified_gmt":"2025-08-20T17:31:11","slug":"les-debuts-chaotiques-de-lancien-marseillais-gerson-en-russie","status":"publish","type":"post","link":"https:\/\/www.europesays.com\/fr\/332084\/","title":{"rendered":"les d\u00e9buts chaotiques de l\u2019ancien Marseillais Gerson en Russie"},"content":{"rendered":"<p>Recrue star de l\u2019Olympique de Marseille \u00e0 l\u2019\u00e9t\u00e9 2021, <a href=\"https:\/\/www.footmercato.net\/joueur\/gerson-santos-da-silva\/\" rel=\"nofollow noopener\" target=\"_blank\">Gerson<\/a> a connu une aventure contrast\u00e9e chez les Phco\u00e9ens. Si sa premi\u00e8re saison a \u00e9t\u00e9 plut\u00f4t positive malgr\u00e9 des d\u00e9buts timides, la saison 2022\/2023e sous les ordres d\u2019Igor Tudor a \u00e9t\u00e9 compliqu\u00e9e et il est reparti au Br\u00e9sil du c\u00f4t\u00e9 de Flamengo. Un choix payant puisqu\u2019il a retrouv\u00e9 des couleurs au Pays en remportant notamment la Coupe du Br\u00e9sil 2024 tout en retrouvant la s\u00e9lection br\u00e9silienne apr\u00e8s 2 ans d\u2019absence. R\u00e9guli\u00e8rement en s\u00e9lection depuis, il \u00e9tait convoqu\u00e9 par Carlo Ancelotti en juin dernier et a r\u00e9alis\u00e9 une belle Coupe du monde des Clubs avec Flamengo malgr\u00e9 l\u2019\u00e9limination en 1\/8e de finale contre le Bayern Munich (4-2). <\/p>\n<p>            La suite apr\u00e8s cette publicit\u00e9<\/p>\n<p>Capitaine de Flamengo, Gerson a toutefois d\u00fb changer d\u2019air apr\u00e8s que le Zenit Saint-P\u00e9tersbourg d\u00e9cide de lever les 25 millions d\u2019euros de sa clause lib\u00e9ratoire. \u00abLe Club de Regatas do Flamengo informe que le contrat de travail de l\u2019athl\u00e8te Gerson a \u00e9t\u00e9 r\u00e9sili\u00e9 ce vendredi (04\/07\/25), suite \u00e0 une demande de d\u00e9mission et de r\u00e9siliation unilat\u00e9rale pr\u00e9sent\u00e9e par le joueur, ainsi qu\u2019au paiement int\u00e9gral de l\u2019indemnit\u00e9 de r\u00e9siliation stipul\u00e9e dans le contrat. La somme, 25 millions d\u2019euros, a \u00e9t\u00e9 vers\u00e9e par le FC Zenit Saint-P\u00e9tersbourg (Russie)\u00bb, pouvait-on lire dans un communiqu\u00e9. En Russie, Gerson a trouv\u00e9 une v\u00e9ritable colonie br\u00e9silienne avec Nino, Robert Renan, Douglas Santos, Wendel, Pedro, Luiz Henrique et Gustavo Mantuan. De quoi d\u00e9marrer dans un contexte id\u00e9al une aventure dont l\u2019objectif est de redevenir champion puisque le Zenit a vu son h\u00e9g\u00e9monie de six titres d\u2019affil\u00e9e \u00eatre bris\u00e9e l\u2019an dernier avec le sacre du FK Krasnodar. <\/p>\n<p>            La suite apr\u00e8s cette publicit\u00e9<\/p>\n<p>        Une grosse attente autour de Gerson<\/p>\n<p>Pour autant, cela ne se passe pas forc\u00e9ment comme l\u2019avait imagin\u00e9 Gerson \u00e0 son arriv\u00e9e. Pr\u00e9sent\u00e9 en grandes pompes par la formation russe, le joueur de 28 ans arrivait avec de fortes attentes. \u00abGerson est un bon joueur, connu dans tout le Br\u00e9sil, car il a d\u00e9j\u00e0 jou\u00e9 en Europe. Il a fait de tr\u00e8s bons r\u00e9sultats \u00e0 Flamengo, remportant des titres. Je pense qu\u2019il apportera son exp\u00e9rience. C\u2019est ce que nous attendons de lui. Gerson est un joueur qui vient enrichir le groupe\u00bb, clamait \u00e0 son arriv\u00e9e son nouveau co\u00e9quipier Douglas Santos. Gustavo Mantuan \u00e9tait aussi heureux de ce renfort comme il l\u2019a confi\u00e9 \u00e0 <a href=\"https:\/\/www.sport-express.ru\/football\/rfpl\/news\/poluzaschitnik-gustavo-mantuan-kommentariy-o-perehode-zhersona-v-zenit-2342738\/\" rel=\"nofollow noopener\" target=\"_blank\">Sport-Express<\/a> : \u00abGerson sera tr\u00e8s important pour notre \u00e9quipe. Le Zenit, mais aussi de nombreuses autres \u00e9quipes, souhaitaient le recruter. Je suis donc ravi qu\u2019il soit parmi nous. Nous devons maintenant travailler avec lui et l\u2019aider au maximum pour qu\u2019il s\u2019adapte au championnat le plus rapidement possible.\u00bb<\/p>\n<p>\u00abQuant \u00e0 ses qualit\u00e9s de joueur, c\u2019est bien s\u00fbr un excellent footballeur de haut niveau qui nous aidera \u00e0 diversifier notre jeu, tant au centre du terrain qu\u2019en g\u00e9n\u00e9ral, et qui jouera un r\u00f4le important\u00bb, notait de son c\u00f4t\u00e9 son nouveau coach Sergey Semak. Le principal int\u00e9ress\u00e9 se montrait conqu\u00e9rant \u00e0 son arriv\u00e9e : \u00abje suis tr\u00e8s motiv\u00e9, je veux rentrer sur le terrain et rejoindre l\u2019\u00e9quipe au plus vite. J\u2019esp\u00e8re que nous trouverons rapidement une entente avec mes nouveaux co\u00e9quipiers et que nous r\u00e9aliserons une belle saison ensemble. J\u2019ai une volont\u00e9 de fer et une envie incroyable de gagner. Je d\u00e9teste perdre et je fais tout pour gagner. Je suis toujours pr\u00eat \u00e0 tout donner sur le terrain pour gagner. Allez, Zenit.\u00bb Lanc\u00e9 comme rempla\u00e7ant contre Rostov (2-1) lors de la premi\u00e8re journ\u00e9e, le natif de Belford Roxo livrait d\u2019ailleurs une premi\u00e8re int\u00e9ressante. \u00abJ\u2019ai appr\u00e9ci\u00e9 son jeu. Je pense que nous devons bien s\u00fbr am\u00e9liorer nos performances, comprendre certaines exigences, les interactions avec nos partenaires et nous am\u00e9liorer. Globalement, il a laiss\u00e9 une bonne impression sur le jeu\u00bb, notait son entra\u00eeneur Sergey Semak apr\u00e8s la rencontre.<\/p>\n<p>            La suite apr\u00e8s cette publicit\u00e9<\/p>\n<p>        Un d\u00e9but de saison catastrophique du Zenit<\/p>\n<p>\u00abJe suis tr\u00e8s satisfait de nos d\u00e9buts et de la performance de l\u2019\u00e9quipe. Je suis heureux que nous ayons gagn\u00e9 et nous nous pr\u00e9parons \u00e0 poursuivre dans le m\u00eame esprit\u00bb, glissait de son c\u00f4t\u00e9 Gerson qui confiait \u00e9galement avoir d\u00e9but\u00e9 l\u2019apprentissage du Russe. Depuis c\u2019est bien plus compliqu\u00e9 en revanche. R\u00e9alisant un d\u00e9but de saison totalement catastrophique, le Zenit Saint-P\u00e9tersbourg est seulement neuvi\u00e8me du championnat avec 6 points acquis en 5 journ\u00e9es. Accroch\u00e9 par le Rubin Kazan (2-2), le CSKA Moscou (1-1) et le Spartak Moscou (2-2), le club des bords de la N\u00e9va a aussi perdu contre l\u2019Akhmat Grozny (1-0). Gerson n\u2019est pas le seul fautif, mais ne se montre pas encore au niveau des attentes comme l\u2019a martel\u00e9 le consultant Gennady Orlov \u00e0 <a href=\"https:\/\/www.sport-express.ru\/football\/rfpl\/news\/gennadiy-orlov-kommentariy-o-problemah-zenita-na-starte-sezona-2025-2026-2351466\/\" rel=\"nofollow noopener\" target=\"_blank\">Sport Express<\/a> : \u00able Zenit m\u2019\u00e9pate. Quel jeu lent ! On est d\u00e9j\u00e0 au cinqui\u00e8me match, mais o\u00f9 est la vitesse du jeu de l\u2019\u00e9quipe ?! Que se passe-t-il ? Il me semble que Semak aurait pu apporter plus de changements \u00e0 l\u2019effectif. Je parle de Gerson. Eh bien, il n\u2019est plus aussi impactant que lors de la Coupe du monde des clubs. Il n\u2019a plus la m\u00eame efficacit\u00e9 ! Et Sergey l\u2019a de nouveau titularis\u00e9. Je ne sais pas\u2026\u00bb<\/p>\n<p>\u00abGerson n\u2019a pas convaincu, ne s\u2019est pas encore montr\u00e9. Il est encore peu actif. Il lui faudra probablement du temps pour s\u2019adapter aux r\u00e9alit\u00e9s de la RPL. Attendons\u00bb, a-t-il poursuivi. De son c\u00f4t\u00e9, Sergey Semak se montre encore patient, mais a admis que le d\u00e9but de saison \u00e9tait rat\u00e9 et que le Br\u00e9silien n\u2019\u00e9tait pas encore au niveau esp\u00e9r\u00e9 : \u00abconcernant le jeu de Gerson et Wendel, je pense qu\u2019il y a bien s\u00fbr des nuances auxquelles il faut s\u2019habituer. Il est impossible de s\u2019adapter compl\u00e8tement en deux ou trois semaines. Le d\u00e9but de saison a \u00e9t\u00e9 difficile, car nous avons jou\u00e9 la pr\u00e9-saison selon un sch\u00e9ma unique, puis Wendel et Gerson sont arriv\u00e9s en cours de pr\u00e9-saison, et Luiz Henrique s\u2019est bless\u00e9. Le deuxi\u00e8me point est la pression psychologique. Nous avons manqu\u00e9 des victoires contre le Rubin, le CSKA, et perdu contre Akhmat. Les joueurs manquent de confiance en eux. Mais la seule solution est d\u2019\u00eatre patients et de travailler. Pour que les joueurs qui ne sont pas pr\u00eats \u00e0 100 % aujourd\u2019hui puissent retrouver la forme et prouver leur place dans le onze de d\u00e9part.\u00bb D\u00e9sormais en Russie, Gerson passe un d\u00e9but de saison assez compliqu\u00e9 \u2026<\/p>\n<p>\n    Pub. le 20\/08\/2025 19:00<br \/>\n            &#8211; MAJ le 20\/08\/2025 19:25\n    <\/p>\n","protected":false},"excerpt":{"rendered":"Recrue star de l\u2019Olympique de Marseille \u00e0 l\u2019\u00e9t\u00e9 2021, Gerson a connu une aventure contrast\u00e9e chez les Phco\u00e9ens.&hellip;\n","protected":false},"author":2,"featured_media":332085,"comment_status":"","ping_status":"","sticky":false,"template":"","format":"standard","meta":{"footnotes":""},"categories":[1591],"tags":[11,1887,12,1885,1886,132],"class_list":{"0":"post-332084","1":"post","2":"type-post","3":"status-publish","4":"format-standard","5":"has-post-thumbnail","7":"category-russie","8":"tag-actualites","9":"tag-federation-de-russie","10":"tag-news","11":"tag-russia","12":"tag-russian-federation","13":"tag-russie"},"share_on_mastodon":{"url":"https:\/\/pubeurope.com\/@fr\/115062288149728738","error":""},"_links":{"self":[{"href":"https:\/\/www.europesays.com\/fr\/wp-json\/wp\/v2\/posts\/332084","targetHints":{"allow":["GET"]}}],"collection":[{"href":"https:\/\/www.europesays.com\/fr\/wp-json\/wp\/v2\/posts"}],"about":[{"href":"https:\/\/www.europesays.com\/fr\/wp-json\/wp\/v2\/types\/post"}],"author":[{"embeddable":true,"href":"https:\/\/www.europesays.com\/fr\/wp-json\/wp\/v2\/users\/2"}],"replies":[{"embeddable":true,"href":"https:\/\/www.europesays.com\/fr\/wp-json\/wp\/v2\/comments?post=332084"}],"version-history":[{"count":0,"href":"https:\/\/www.europesays.com\/fr\/wp-json\/wp\/v2\/posts\/332084\/revisions"}],"wp:featuredmedia":[{"embeddable":true,"href":"https:\/\/www.europesays.com\/fr\/wp-json\/wp\/v2\/media\/332085"}],"wp:attachment":[{"href":"https:\/\/www.europesays.com\/fr\/wp-json\/wp\/v2\/media?parent=332084"}],"wp:term":[{"taxonomy":"category","embeddable":true,"href":"https:\/\/www.europesays.com\/fr\/wp-json\/wp\/v2\/categories?post=332084"},{"taxonomy":"post_tag","embeddable":true,"href":"https:\/\/www.europesays.com\/fr\/wp-json\/wp\/v2\/tags?post=332084"}],"curies":[{"name":"wp","href":"https:\/\/api.w.org\/{rel}","templated":true}]}}