{"id":332088,"date":"2025-08-20T17:33:08","date_gmt":"2025-08-20T17:33:08","guid":{"rendered":"https:\/\/www.europesays.com\/fr\/332088\/"},"modified":"2025-08-20T17:33:08","modified_gmt":"2025-08-20T17:33:08","slug":"les-etats-unis-imposent-des-sanctions-a-quatre-membres-de-la-cour-penale-internationale-ouest-france","status":"publish","type":"post","link":"https:\/\/www.europesays.com\/fr\/332088\/","title":{"rendered":"Les \u00c9tats-Unis imposent des sanctions \u00e0 quatre membres de la Cour p\u00e9nale internationale &#8211; Ouest-France"},"content":{"rendered":"<ol>\n<li><a href=\"https:\/\/news.google.com\/rss\/articles\/CBMi_gFBVV95cUxNQU9vMTIwX0o0M3pLYXJKSEZhVjhqc0JDck1pVW9fMXBfMzZEdWJCb1Y0bmRScUVITTB3cFkxYXNfU3Fob18tSURnZzFoRnk4T3NJNGJSNXV5Y1FMWk5jUXJDbDVJdlM3Xzh3X3lDdFB0Z3U4WXhuNTh4elRBNUtLMVV5VWRDaDU1bzZ5MUItMU1PMHIxcUx4RXBMUHF5bWo3T3phWXpObTVNNkRFdE1tajlBYzQxNFJQSHNIUTk2dXRVRF90a2lTT1U2SGlpMnR6eXBjTGg0b2dSNmZmX1IzUmxqZllPaUgzNjdLWEhVNWlIX0ljSkFCSk9LZjJndw?oc=5\" target=\"_blank\" rel=\"nofollow noopener\">Les \u00c9tats-Unis imposent des sanctions \u00e0 quatre membres de la Cour p\u00e9nale internationale<\/a>&nbsp;&nbsp;Ouest-France<\/li>\n<li><a href=\"https:\/\/news.google.com\/rss\/articles\/CBMiwwFBVV95cUxQYUlMbGxEMjJ6bVRhNnhNS1poWi1kUU1za0E4S3dQUU1MZHloMmN0NmdnV2FwMFR2MUc5VGpFcmVEWmNERXdJWC1RRmxzbmNrNXdkZkowa19EbHpuZGxKOTFyaXFPVmw0Q0tMNWFWdk04YTFnSkRRRmI5TXo3M2QxbWhEbVprY2hBSlo0RW5ZS0hSeGN4U1Y4N2tYQXg5d3VJWDEzZ1N3RUpCQW9IMy1FeHlTRlFfNE9uZ0NEM0I0cEhCTHM?oc=5\" target=\"_blank\" rel=\"nofollow noopener\">CPI : la France exprime sa \u00abconsternation\u00bb apr\u00e8s les sanctions am\u00e9ricaines contre des magistrats, dont un Fran\u00e7ais<\/a>&nbsp;&nbsp;Le Figaro<\/li>\n<li><a href=\"https:\/\/news.google.com\/rss\/articles\/CBMivAFBVV95cUxPdWd0Z0NOS3hNWm5YU2N5eXVhWS1HcGRNTDZRLU9DbHFIOGVORWZNM2hSWF9LQ21PWjRqOGtSUUFCSG0wVmI0WV9QTHdKUl82SEpRYWFxQ1J6Q0J2OHZ4WVEtM21pTm9DTkJKQzZIS3d2YW9tSWRyVkdNTTlwX0puTHFrdVRWbDgzYWc3MHVvbkplaFdGQ1ZBRGljdXNjT0ZCX0VUWFJyelhHUzlCU1YxVzYtajdKa3ZjbzVuMw?oc=5\" target=\"_blank\" rel=\"nofollow noopener\">Washington Sanctionne Quatre Nouveaux Responsables De La CPI<\/a>&nbsp;&nbsp;i24NEWS<\/li>\n<li><a href=\"https:\/\/news.google.com\/rss\/articles\/CBMi7wFBVV95cUxQTC1WRExYWFF5MHdTMGctQXJlRU1PMTIxemF3dmF2VGF3akJnTFVUeG1CaUNjYzMwMnFfYllRY2JfMnhlcmZpdmZfcjAtQzJldW05bElydldCZGg4TTVVQTdIWk9NQTdEcEk1Nk5aeERKWFdaQUYycHkwdjNjdFF4eS1ZRFFaMENrWFh2RkJzOVZFRUNlclhSWE1XalNDQ1Y1VTl5VS1HMnZNZ2RuLTNEWldDVUY4NHVzVzlnOGdJODA4ZVJLTWdpb0p1bTFNNHMtYmdrRnhfNW53QTZVd2FZdlJDNHI2bzRjYzBJOVRadw?oc=5\" target=\"_blank\" rel=\"nofollow noopener\">Marco Rubio annonce de nouvelles sanctions am\u00e9ricaines contre des magistrats de la Cour p\u00e9nale internationale<\/a>&nbsp;&nbsp;RFI<\/li>\n<li><a href=\"https:\/\/news.google.com\/rss\/articles\/CBMiwAFBVV95cUxNdmFPaG04UXlsTktraVRCUnR0U01WMHdTemg3TWl4QmNVOTB0NHh5Q2llQV9keVJRdmxNQlNSYXFNQ3pBdFJBM3JuZlNwRFduTEJQalZJVm42c3NZQUJMSVBxc2FDbzYtTmhudnkxVHhnUU9SMHB5U0ZGellTZlB1eXFaemZYMm1PTUVOXzE2QWpxb3AySi1vRmhFWnJrNVNINW5tS2FpalVMWFgtdWxmUUE5Uk93NFJrRndUN2l2UXI?oc=5\" target=\"_blank\" rel=\"nofollow noopener\">Cour p\u00e9nale internationale | Donald Trump sanctionne une juge canadienne<\/a>&nbsp;&nbsp;La Presse<\/li>\n<\/ol>\n","protected":false},"excerpt":{"rendered":"Les \u00c9tats-Unis imposent des sanctions \u00e0 quatre membres de la Cour p\u00e9nale internationale&nbsp;&nbsp;Ouest-France CPI : la France exprime&hellip;\n","protected":false},"author":2,"featured_media":1445,"comment_status":"","ping_status":"","sticky":false,"template":"","format":"standard","meta":{"footnotes":""},"categories":[1589],"tags":[11,73,1866,12,1864,1865,1863,308],"class_list":{"0":"post-332088","1":"post","2":"type-post","3":"status-publish","4":"format-standard","5":"has-post-thumbnail","7":"category-etats-unis","8":"tag-actualites","9":"tag-etats-unis","10":"tag-etats-unis-damerique","11":"tag-news","12":"tag-united-states","13":"tag-united-states-of-america","14":"tag-us","15":"tag-usa"},"share_on_mastodon":{"url":"https:\/\/pubeurope.com\/@fr\/115062296212222132","error":""},"_links":{"self":[{"href":"https:\/\/www.europesays.com\/fr\/wp-json\/wp\/v2\/posts\/332088","targetHints":{"allow":["GET"]}}],"collection":[{"href":"https:\/\/www.europesays.com\/fr\/wp-json\/wp\/v2\/posts"}],"about":[{"href":"https:\/\/www.europesays.com\/fr\/wp-json\/wp\/v2\/types\/post"}],"author":[{"embeddable":true,"href":"https:\/\/www.europesays.com\/fr\/wp-json\/wp\/v2\/users\/2"}],"replies":[{"embeddable":true,"href":"https:\/\/www.europesays.com\/fr\/wp-json\/wp\/v2\/comments?post=332088"}],"version-history":[{"count":0,"href":"https:\/\/www.europesays.com\/fr\/wp-json\/wp\/v2\/posts\/332088\/revisions"}],"wp:featuredmedia":[{"embeddable":true,"href":"https:\/\/www.europesays.com\/fr\/wp-json\/wp\/v2\/media\/1445"}],"wp:attachment":[{"href":"https:\/\/www.europesays.com\/fr\/wp-json\/wp\/v2\/media?parent=332088"}],"wp:term":[{"taxonomy":"category","embeddable":true,"href":"https:\/\/www.europesays.com\/fr\/wp-json\/wp\/v2\/categories?post=332088"},{"taxonomy":"post_tag","embeddable":true,"href":"https:\/\/www.europesays.com\/fr\/wp-json\/wp\/v2\/tags?post=332088"}],"curies":[{"name":"wp","href":"https:\/\/api.w.org\/{rel}","templated":true}]}}