{"id":332095,"date":"2025-08-20T17:37:10","date_gmt":"2025-08-20T17:37:10","guid":{"rendered":"https:\/\/www.europesays.com\/fr\/332095\/"},"modified":"2025-08-20T17:37:10","modified_gmt":"2025-08-20T17:37:10","slug":"lagence-de-sante-de-lunion-europeenne-indique-un-nombre-record-de-cas-de-maladies-transmises-par-des-moustiques-en-europe-et-cela-va-sintensifier","status":"publish","type":"post","link":"https:\/\/www.europesays.com\/fr\/332095\/","title":{"rendered":"L&rsquo;agence de sant\u00e9 de l&rsquo;Union europ\u00e9enne indique un nombre record de cas de maladies transmises par des moustiques en Europe, et cela va s&rsquo;intensifier"},"content":{"rendered":"<p class=\"ap-StoryElement ap-StoryElement--mb ap-StoryText\">\u00ab\u00a0Ce changement est caus\u00e9 par des facteurs climatiques et environnementaux comme la hausse des temp\u00e9ratures, des \u00e9t\u00e9s plus longs, des hivers plus doux et des changements dans la pluviom\u00e9trie &#8211; des probl\u00e8mes qui se combinent pour cr\u00e9er un environnement favorable aux moustiques, o\u00f9 ils prosp\u00e8rent et transmettent des virus\u00a0\u00bb, selon l&rsquo;ECDC. \u00c0 cela s&rsquo;ajoute une augmentation des voyages internationaux, rendant plus probables les \u00e9pid\u00e9mies locales.<\/p>\n<p class=\"ap-StoryElement ap-StoryElement--mb ap-StoryText\">Le moustique tigre (Aedes albopictus), pouvant r\u00e9pandre le virus du chikungunya, s&rsquo;est \u00e9tabli dans 16 pays europ\u00e9ens et 369 r\u00e9gions, contre seulement 114 r\u00e9gions il y a une d\u00e9cennie, a indiqu\u00e9 l&rsquo;ECDC. Vingt-sept cas de chikungunya ont \u00e9t\u00e9 enregistr\u00e9s pour le moment en 2025, principalement en France et en Italie. Un nouveau record pour le continent.<\/p>\n","protected":false},"excerpt":{"rendered":"\u00ab\u00a0Ce changement est caus\u00e9 par des facteurs climatiques et environnementaux comme la hausse des temp\u00e9ratures, des \u00e9t\u00e9s plus&hellip;\n","protected":false},"author":2,"featured_media":332096,"comment_status":"","ping_status":"","sticky":false,"template":"","format":"standard","meta":{"footnotes":""},"categories":[1586],"tags":[11,1867,828,1129,1777,674,1779,1011,27,12,25,71,1778,364],"class_list":{"0":"post-332095","1":"post","2":"type-post","3":"status-publish","4":"format-standard","5":"has-post-thumbnail","7":"category-europe","8":"tag-actualites","9":"tag-animaux","10":"tag-belgique","11":"tag-climat","12":"tag-eu","13":"tag-europe","14":"tag-european-union","15":"tag-fr","16":"tag-france","17":"tag-news","18":"tag-republique-francaise","19":"tag-sante","20":"tag-ue","21":"tag-union-europeenne"},"share_on_mastodon":{"url":"https:\/\/pubeurope.com\/@fr\/115062311795837571","error":""},"_links":{"self":[{"href":"https:\/\/www.europesays.com\/fr\/wp-json\/wp\/v2\/posts\/332095","targetHints":{"allow":["GET"]}}],"collection":[{"href":"https:\/\/www.europesays.com\/fr\/wp-json\/wp\/v2\/posts"}],"about":[{"href":"https:\/\/www.europesays.com\/fr\/wp-json\/wp\/v2\/types\/post"}],"author":[{"embeddable":true,"href":"https:\/\/www.europesays.com\/fr\/wp-json\/wp\/v2\/users\/2"}],"replies":[{"embeddable":true,"href":"https:\/\/www.europesays.com\/fr\/wp-json\/wp\/v2\/comments?post=332095"}],"version-history":[{"count":0,"href":"https:\/\/www.europesays.com\/fr\/wp-json\/wp\/v2\/posts\/332095\/revisions"}],"wp:featuredmedia":[{"embeddable":true,"href":"https:\/\/www.europesays.com\/fr\/wp-json\/wp\/v2\/media\/332096"}],"wp:attachment":[{"href":"https:\/\/www.europesays.com\/fr\/wp-json\/wp\/v2\/media?parent=332095"}],"wp:term":[{"taxonomy":"category","embeddable":true,"href":"https:\/\/www.europesays.com\/fr\/wp-json\/wp\/v2\/categories?post=332095"},{"taxonomy":"post_tag","embeddable":true,"href":"https:\/\/www.europesays.com\/fr\/wp-json\/wp\/v2\/tags?post=332095"}],"curies":[{"name":"wp","href":"https:\/\/api.w.org\/{rel}","templated":true}]}}