{"id":332105,"date":"2025-08-20T17:43:09","date_gmt":"2025-08-20T17:43:09","guid":{"rendered":"https:\/\/www.europesays.com\/fr\/332105\/"},"modified":"2025-08-20T17:43:09","modified_gmt":"2025-08-20T17:43:09","slug":"wembanyama-etats-unis-turquie-decouverte-diman-ndiaye-la-nouvelle-arme-offensive-des-bleues","status":"publish","type":"post","link":"https:\/\/www.europesays.com\/fr\/332105\/","title":{"rendered":"Wembanyama, \u00c9tats-Unis, Turquie&#8230; D\u00e9couverte d\u2019Iman Ndiaye, la nouvelle arme offensive des Bleues"},"content":{"rendered":"<p><strong>PORTRAIT &#8211; <\/strong>A 23 ans, la Fran\u00e7aise s\u2019est impos\u00e9e comme l\u2019attaquante de pointe d\u2019une s\u00e9lection qui aborde la comp\u00e9tition en Tha\u00eflande avec ambition.<\/p>\n<p class=\"fig-paragraph\">La pointue des Bleues, Iman Ndiaye, a profit\u00e9 de la Ligue des nations cet \u00e9t\u00e9 pour s&rsquo;affirmer au plus haut niveau du volley-ball international, devenant l&rsquo;une des principales armes offensives de l&rsquo;\u00e9quipe de France lors du Championnat du monde qui d\u00e9bute vendredi en Tha\u00eflande.<\/p>\n<p class=\"fig-paragraph\">Interrog\u00e9e \u00e0 Toulouse en mai avant le d\u00e9but de cette Ligue des nations (VNL), elle esp\u00e9rait profiter de la comp\u00e9tition pour progresser apr\u00e8s des Jeux olympiques v\u00e9cus comme rempla\u00e7ante de Lucille Gicquel, et qui l&rsquo;ont \u00abr\u00e9veill\u00e9e\u00bb en la confrontant \u00e0 la r\u00e9alit\u00e9 de l&rsquo;\u00e9lite mondiale. Objectif atteint\u00a0: Ndiaye (23 ans, 1,88 m) a pris la place d&rsquo;attaquante prioritaire num\u00e9ro 1 des Bleues lors de la comp\u00e9tition, dont elle a termin\u00e9 deuxi\u00e8me meilleure marqueuse (premi\u00e8re apr\u00e8s la phase pr\u00e9liminaire) avec 19,4 points inscrits en moyenne par match. Elle s&rsquo;est affirm\u00e9e comme l&rsquo;une des principales bonnes surprises individuelles c\u00f4t\u00e9 fran\u00e7ais, aux c\u00f4t\u00e9s de la passeuse Enora Danard-Selosse.<\/p>\n<p>    Iman Ndiaye<br \/>\n                Sandra Ruhaut \/ Icon Sport<\/p>\n<p>                                    <a class=\"fig-a11y-skip a11y-hidden\" href=\"#fig-a11y-skip-main-inarticle\"><br \/>\n        Passer la publicit\u00e9<br \/>\n    <\/a><\/p>\n<p class=\"fig-paragraph\">\u00abJe ne dirais pas que c&rsquo;est une surprise, car d\u00e8s le d\u00e9but de l&rsquo;\u00e9t\u00e9 j&rsquo;ai vu que ce groupe en g\u00e9n\u00e9ral, et elle en particulier, avait une grosse marge de progression\u00bb, r\u00e9pond Cesar Hernandez, s\u00e9lectionneur de la France, pour qui Ndiaye \u00abtravaille bien, progresse et veut continuer \u00e0 progresser. Bien s\u00fbr que les projecteurs vont se tourner vers elle, mais pour \u00eatre meilleure marqueuse de la VNL vous avez besoin de bonnes r\u00e9ceptionneuses, de quelqu&rsquo;un qui vous passe bien le ballon\u00bb, ajoute l&rsquo;Espagnol, qui met en avant \u00abl&rsquo;\u00e9quipe\u00bb.<\/p>\n<p class=\"fig-paragraph\">Ndiaye refuse \u00e9galement les louanges, soulignant ses difficult\u00e9s lors de la troisi\u00e8me semaine durant laquelle elle a \u00e9t\u00e9 davantage scrut\u00e9e par les adversaires, ou sa marge de progression au service, l&rsquo;un de ses points forts mais o\u00f9 elle commet encore \u00abtrop de fautes\u00bb. M\u00eame scories \u00e0 gommer sur les attaques-plac\u00e9es juste apr\u00e8s r\u00e9ception, quand le contre adverse est bien en place, ou face \u00e0 un block \u00abtr\u00e8s haut\u00bb. \u00abMais j&rsquo;ai beaucoup gagn\u00e9 en confiance, je suis parvenue \u00e0 trouver des bons blocks out (balle contr\u00e9e par l&rsquo;adversaire mais qui termine faute, NDLR), \u00e0 int\u00e9grer des techniques pour varier de vitesse\u00bb, consent Ndiaye, qui se sait plus attendue en Tha\u00eflande.<\/p>\n<p>Son p\u00e8re est l\u2019agent de Wembanyama<\/p>\n<p class=\"fig-paragraph\">\u00abIl faudra que je sois plus agressive et plus smart (intelligente)\u00bb, ajoute la joueuse qui use parfois d&rsquo;anglicisme apr\u00e8s avoir grandi aux \u00c9tats-Unis. Elle y a en effet d\u00e9m\u00e9nag\u00e9 \u00e0 l&rsquo;\u00e2ge de 4 ans quand son p\u00e8re a install\u00e9 la famille \u00e0 Dallas pour raisons professionnelles\u00a0: Bouna Ndiaye est le plus important agent du basket-ball fran\u00e7ais et s&rsquo;occupe, via son agence ComSport, de la plupart des Fran\u00e7ais de NBA, dont Victor Wembanyama. La vedette du basket fran\u00e7ais \u00e9tait d&rsquo;ailleurs le 6 juin dans les gradins de P\u00e9kin pour assister \u00e0 la victoire des Bleues contre la Belgique, aux c\u00f4t\u00e9s de Bouna Ndiaye.<\/p>\n<p class=\"fig-paragraph\">Un p\u00e8re entr\u00e9 de plain-pied dans le monde du volley avec sa fille, \u00e0 qui il \u00abenvoie des rapports d\u00e9taill\u00e9s\u00bb de performances ou qu&rsquo;il conseille, y compris techniquement &#8211; \u00abil m&rsquo;a pouss\u00e9 \u00e0 prendre des risques au service\u00bb. Par atavisme familial, Iman Ndiaye a donc commenc\u00e9 par la balle orange, \u00abmais n&rsquo;a pas trop aim\u00e9\u00bb, a jou\u00e9 un peu au tennis avant d&rsquo;essayer le volley-ball dans les pas de sa s\u0153ur \u00abvers 10-11 ans\u00bb. Elle int\u00e8gre ensuite les Bruins d\u2019UCLA, la prestigieuse universit\u00e9 californienne, avant de migrer en Europe lors de la saison 2023-2024 (Th\u00fcringen en Allemagne puis Chamali\u00e8res) puis de s&rsquo;exiler un an plus tard dans le championnat turc, \u00e0 Ke\u00e7i\u00f6ren.<\/p>\n<p>    Iman Ndiaye en action lors des derniers JO<br \/>\n                Hugo Pfeiffer \/ Icon Sport<\/p>\n<p class=\"fig-paragraph\">Dans la meilleure ligue en Europe avec celle d&rsquo;Italie, elle a pass\u00e9 un cap, confront\u00e9e tous les jours \u00e0 l&rsquo;entra\u00eenement \u00e0 une \u00abforte intensit\u00e9\u00bb, et quasiment \u00e0 chaque match \u00e0 des \u00abcontres qui montent haut\u00bb. Elle restera la saison prochaine en Turquie, mais \u00e0 Nil\u00fcfer, o\u00f9 l&rsquo;attend un r\u00f4le de titulaire. Apr\u00e8s un Mondial o\u00f9 elle esp\u00e8re, comme toute cette jeune \u00e9quipe de France, poursuivre sa progression.<\/p>\n","protected":false},"excerpt":{"rendered":"PORTRAIT &#8211; A 23 ans, la Fran\u00e7aise s\u2019est impos\u00e9e comme l\u2019attaquante de pointe d\u2019une s\u00e9lection qui aborde la&hellip;\n","protected":false},"author":2,"featured_media":332106,"comment_status":"","ping_status":"","sticky":false,"template":"","format":"standard","meta":{"footnotes":""},"categories":[1417],"tags":[2466,2465,2464,1977,1981,451,207,2468,63,1454,1011,27,66,447,2467,1457,2182,1980,479,2259,60,1467,1470,1469],"class_list":{"0":"post-332105","1":"post","2":"type-post","3":"status-publish","4":"format-standard","5":"has-post-thumbnail","7":"category-volley","8":"tag-2466","9":"tag-actu-sport","10":"tag-actualite-sportive","11":"tag-auto","12":"tag-classement","13":"tag-coupe-du-monde","14":"tag-cyclisme","15":"tag-euro-foot","16":"tag-football","17":"tag-formule-1","18":"tag-fr","19":"tag-france","20":"tag-ligue-1","21":"tag-ligue-des-champions","22":"tag-live-sport","23":"tag-moto","24":"tag-nba","25":"tag-resultats","26":"tag-rugby","27":"tag-score","28":"tag-sports","29":"tag-tennis","30":"tag-volley","31":"tag-volleyball"},"share_on_mastodon":{"url":"https:\/\/pubeurope.com\/@fr\/115062335347172786","error":""},"_links":{"self":[{"href":"https:\/\/www.europesays.com\/fr\/wp-json\/wp\/v2\/posts\/332105","targetHints":{"allow":["GET"]}}],"collection":[{"href":"https:\/\/www.europesays.com\/fr\/wp-json\/wp\/v2\/posts"}],"about":[{"href":"https:\/\/www.europesays.com\/fr\/wp-json\/wp\/v2\/types\/post"}],"author":[{"embeddable":true,"href":"https:\/\/www.europesays.com\/fr\/wp-json\/wp\/v2\/users\/2"}],"replies":[{"embeddable":true,"href":"https:\/\/www.europesays.com\/fr\/wp-json\/wp\/v2\/comments?post=332105"}],"version-history":[{"count":0,"href":"https:\/\/www.europesays.com\/fr\/wp-json\/wp\/v2\/posts\/332105\/revisions"}],"wp:featuredmedia":[{"embeddable":true,"href":"https:\/\/www.europesays.com\/fr\/wp-json\/wp\/v2\/media\/332106"}],"wp:attachment":[{"href":"https:\/\/www.europesays.com\/fr\/wp-json\/wp\/v2\/media?parent=332105"}],"wp:term":[{"taxonomy":"category","embeddable":true,"href":"https:\/\/www.europesays.com\/fr\/wp-json\/wp\/v2\/categories?post=332105"},{"taxonomy":"post_tag","embeddable":true,"href":"https:\/\/www.europesays.com\/fr\/wp-json\/wp\/v2\/tags?post=332105"}],"curies":[{"name":"wp","href":"https:\/\/api.w.org\/{rel}","templated":true}]}}