{"id":332111,"date":"2025-08-20T17:47:13","date_gmt":"2025-08-20T17:47:13","guid":{"rendered":"https:\/\/www.europesays.com\/fr\/332111\/"},"modified":"2025-08-20T17:47:13","modified_gmt":"2025-08-20T17:47:13","slug":"diogo-moreira-fera-ses-debuts-en-motogp-lannee-prochaine-je-suis-performant-la-nationalite-na-pas-dimportance","status":"publish","type":"post","link":"https:\/\/www.europesays.com\/fr\/332111\/","title":{"rendered":"Diogo Moreira fera ses d\u00e9buts en MotoGP l&rsquo;ann\u00e9e prochaine : \u00ab\u00a0Je suis performant, la nationalit\u00e9 n&rsquo;a pas d&rsquo;importance\u00a0\u00bb. &#8211;"},"content":{"rendered":"<p>Diogo Moreira, 21 ans, fera ses d\u00e9buts en MotoGP pour Honda l&rsquo;ann\u00e9e prochaine, en passant de la Moto2, o\u00f9 il est troisi\u00e8me avec l&rsquo;\u00e9quipe Italtrans. <a href=\"https:\/\/www.motorsport.com\/motogp\/news\/moreira-set-to-join-honda-ahead-of-motogp-debut-in-2026\/10751866\/\" target=\"_blank\" rel=\"noopener\">Motorsport<\/a> r\u00e9v\u00e8le que l&rsquo;accord sera conclu dans les prochains jours et qu&rsquo;il remplacera le pilote tha\u00eflandais Somkiat Chantra, mis \u00e0 l&rsquo;\u00e9cart en raison d&rsquo;une blessure.<\/p>\n<p>Cette d\u00e9cision va au-del\u00e0 d&rsquo;un simple changement de pilote, car la sortie de Chantra aura un impact sur les sponsors de Honda : La compagnie p\u00e9troli\u00e8re japonaise Idemitsu arrivera \u00e0 terme. Cependant, la pr\u00e9sence d&rsquo;un pilote sud-am\u00e9ricain pourrait apporter de nouvelles opportunit\u00e9s commerciales et augmentera certainement l&rsquo;int\u00e9r\u00eat de la comp\u00e9tition moto, r\u00e9cemment acquise par les propri\u00e9taires de la F1, <a href=\"https:\/\/www.gamereactor.fr\/liberty-media-proprietaire-de-la-f1-est-libre-dacquerir-le-motogp-laccord-ayant-ete-approuve-par-la-commission-europeenne-1863243\/\" title=\"Liberty Media, propri\u00e9taire de la F1, est libre d&#039;acqu\u00e9rir le MotoGP, l&#039;accord ayant \u00e9t\u00e9 approuv\u00e9 par la Commission europ\u00e9enne\" target=\"_blank\" rel=\"noopener\">Liberty Media<\/a>, au Br\u00e9sil.<\/p>\n<p>Avant Honda, Moreira \u00e9tait li\u00e9 \u00e0 Yamaha. Il a d\u00e9j\u00e0 des liens avec la branche br\u00e9silienne de Yamaha, un \u00ab\u00a0arrangement pratique\u00a0\u00bb, dans le monde de Diogo, o\u00f9 Yamaha lui pr\u00eate des motos pour l&rsquo;entra\u00eenement et les lui rend \u00e0 la fin de la saison. Mais finalement, c&rsquo;est Honda qui est intervenu.<\/p>\n<p>S&rsquo;exprimant dimanche apr\u00e8s sa victoire en Moto2 en Autriche, Moreira a d\u00e9clar\u00e9 que \u00ab\u00a0Si je passe en MotoGP, c&rsquo;est parce que j&rsquo;ai de bonnes performances ; [ma nationalit\u00e9] n&rsquo;a pas d&rsquo;importance. Ce sera parce que je tourne l&rsquo;acc\u00e9l\u00e9rateur, pas \u00e0 cause du drapeau [br\u00e9silien]\u00a0\u00bb.<\/p>\n<p><img loading=\"lazy\" decoding=\"async\" id=\"img-1903943-4639903\" data-fullsize=\"\/media\/99\/diogomoreiradebut_4639903b.jpg\" data-lazy=\"\" src=\"https:\/\/www.europesays.com\/fr\/wp-content\/uploads\/2025\/08\/diogomoreiradebut_4639903_650x.jpg\" width=\"650\" onclick=\"if (!window.__cfRLUnblockHandlers) return false; gallery_openmodal('1903943','4639903',false,'cd69510f4a69bc0ef6ba504331b9d546');\" height=\"433\" alt=\"Diogo Moreira fera ses d\u00e9buts en MotoGP l'ann\u00e9e prochaine : &quot;Je suis performant, la nationalit\u00e9 n'a pas d'importance&quot;.\" class=\"rwd_col_content lazy\" data-cf-modified-8c315513d54e61e8500c597e-=\"\"\/>Orange Pictures \/ Shutterstock<\/p>\n","protected":false},"excerpt":{"rendered":"Diogo Moreira, 21 ans, fera ses d\u00e9buts en MotoGP pour Honda l&rsquo;ann\u00e9e prochaine, en passant de la Moto2,&hellip;\n","protected":false},"author":2,"featured_media":332112,"comment_status":"","ping_status":"","sticky":false,"template":"","format":"standard","meta":{"footnotes":""},"categories":[1413],"tags":[1011,27,1457,1456,60],"class_list":{"0":"post-332111","1":"post","2":"type-post","3":"status-publish","4":"format-standard","5":"has-post-thumbnail","7":"category-moto","8":"tag-fr","9":"tag-france","10":"tag-moto","11":"tag-motocycle","12":"tag-sports"},"share_on_mastodon":{"url":"https:\/\/pubeurope.com\/@fr\/115062351435480644","error":""},"_links":{"self":[{"href":"https:\/\/www.europesays.com\/fr\/wp-json\/wp\/v2\/posts\/332111","targetHints":{"allow":["GET"]}}],"collection":[{"href":"https:\/\/www.europesays.com\/fr\/wp-json\/wp\/v2\/posts"}],"about":[{"href":"https:\/\/www.europesays.com\/fr\/wp-json\/wp\/v2\/types\/post"}],"author":[{"embeddable":true,"href":"https:\/\/www.europesays.com\/fr\/wp-json\/wp\/v2\/users\/2"}],"replies":[{"embeddable":true,"href":"https:\/\/www.europesays.com\/fr\/wp-json\/wp\/v2\/comments?post=332111"}],"version-history":[{"count":0,"href":"https:\/\/www.europesays.com\/fr\/wp-json\/wp\/v2\/posts\/332111\/revisions"}],"wp:featuredmedia":[{"embeddable":true,"href":"https:\/\/www.europesays.com\/fr\/wp-json\/wp\/v2\/media\/332112"}],"wp:attachment":[{"href":"https:\/\/www.europesays.com\/fr\/wp-json\/wp\/v2\/media?parent=332111"}],"wp:term":[{"taxonomy":"category","embeddable":true,"href":"https:\/\/www.europesays.com\/fr\/wp-json\/wp\/v2\/categories?post=332111"},{"taxonomy":"post_tag","embeddable":true,"href":"https:\/\/www.europesays.com\/fr\/wp-json\/wp\/v2\/tags?post=332111"}],"curies":[{"name":"wp","href":"https:\/\/api.w.org\/{rel}","templated":true}]}}