{"id":332113,"date":"2025-08-20T17:48:13","date_gmt":"2025-08-20T17:48:13","guid":{"rendered":"https:\/\/www.europesays.com\/fr\/332113\/"},"modified":"2025-08-20T17:48:13","modified_gmt":"2025-08-20T17:48:13","slug":"au-micro-la-saison-2-demarre-fin-aout-sur-canal","status":"publish","type":"post","link":"https:\/\/www.europesays.com\/fr\/332113\/","title":{"rendered":"Au Micro : la saison 2 d\u00e9marre fin ao\u00fbt sur Canal+"},"content":{"rendered":"<p><img decoding=\"async\" src=\"https:\/\/www.europesays.com\/fr\/wp-content\/uploads\/2025\/08\/AMS2TOTTENHAM889-678x381.jpg\" alt=\"\" title=\"\"\/><\/p>\n<p><strong>Au Micro saison 2, c\u2019est une comp\u00e9tition in\u00e9dite \u00e0 la recherche d\u2019une nouvelle voix pour enrichir le panel des commentateurs foot sur Canal+<\/strong><\/p>\n<p><img loading=\"lazy\" decoding=\"async\" class=\"alignnone size-full wp-image-42086\" src=\"https:\/\/www.europesays.com\/fr\/wp-content\/uploads\/2025\/08\/au-micro-e1755710823500.png\" alt=\"\" width=\"620\" height=\"346\"\/><\/p>\n<p style=\"text-align: justify;\">Apr\u00e8s avoir re\u00e7u des milliers de candidatures dans un processus national ouvert \u00e0 toutes et tous, 14 concurrents ont \u00e9t\u00e9 s\u00e9lectionn\u00e9s par la r\u00e9daction des sports, \u00e2g\u00e9s de 18 \u00e0 39 ans et issus de tous horizons. Ils concourent dans Au Micro saison 2.<\/p>\n<p style=\"text-align: justify;\">Pour le ou la gagnant(e) : Au Micro saison 2 est une opportunit\u00e9 unique qui lui permettra d\u2019int\u00e9grer la r\u00e9daction des sports de Canal+ et de commenter d\u00e8s la reprise de l\u2019UEFA Champions League en septembre sur les cha\u00eenes Canal+<\/p>\n<p style=\"text-align: justify;\">Diffusion sur Canal+ lors de 3 soir\u00e9es : 27 ao\u00fbt, 3 septembre et 10 septembre en prime-time.<\/p>\n<p><img loading=\"lazy\" decoding=\"async\" class=\"alignnone size-full wp-image-42088\" src=\"https:\/\/www.europesays.com\/fr\/wp-content\/uploads\/2025\/08\/AMS2TOTTENHAM613-scaled-e1755710861278.jpg\" alt=\"\" width=\"410\" height=\"620\"\/><\/p>\n","protected":false},"excerpt":{"rendered":"Au Micro saison 2, c\u2019est une comp\u00e9tition in\u00e9dite \u00e0 la recherche d\u2019une nouvelle voix pour enrichir le panel&hellip;\n","protected":false},"author":2,"featured_media":332114,"comment_status":"","ping_status":"","sticky":false,"template":"","format":"standard","meta":{"footnotes":""},"categories":[1412],"tags":[46934,46935,28375,1451,1452,1453,1454,1455,1011,27,60],"class_list":{"0":"post-332113","1":"post","2":"type-post","3":"status-publish","4":"format-standard","5":"has-post-thumbnail","7":"category-f1","8":"tag-au-micro","9":"tag-au-micro-canal","10":"tag-canal-sport","11":"tag-f1","12":"tag-formula-1","13":"tag-formula1","14":"tag-formule-1","15":"tag-formule1","16":"tag-fr","17":"tag-france","18":"tag-sports"},"share_on_mastodon":{"url":"https:\/\/pubeurope.com\/@fr\/115062355063811910","error":""},"_links":{"self":[{"href":"https:\/\/www.europesays.com\/fr\/wp-json\/wp\/v2\/posts\/332113","targetHints":{"allow":["GET"]}}],"collection":[{"href":"https:\/\/www.europesays.com\/fr\/wp-json\/wp\/v2\/posts"}],"about":[{"href":"https:\/\/www.europesays.com\/fr\/wp-json\/wp\/v2\/types\/post"}],"author":[{"embeddable":true,"href":"https:\/\/www.europesays.com\/fr\/wp-json\/wp\/v2\/users\/2"}],"replies":[{"embeddable":true,"href":"https:\/\/www.europesays.com\/fr\/wp-json\/wp\/v2\/comments?post=332113"}],"version-history":[{"count":0,"href":"https:\/\/www.europesays.com\/fr\/wp-json\/wp\/v2\/posts\/332113\/revisions"}],"wp:featuredmedia":[{"embeddable":true,"href":"https:\/\/www.europesays.com\/fr\/wp-json\/wp\/v2\/media\/332114"}],"wp:attachment":[{"href":"https:\/\/www.europesays.com\/fr\/wp-json\/wp\/v2\/media?parent=332113"}],"wp:term":[{"taxonomy":"category","embeddable":true,"href":"https:\/\/www.europesays.com\/fr\/wp-json\/wp\/v2\/categories?post=332113"},{"taxonomy":"post_tag","embeddable":true,"href":"https:\/\/www.europesays.com\/fr\/wp-json\/wp\/v2\/tags?post=332113"}],"curies":[{"name":"wp","href":"https:\/\/api.w.org\/{rel}","templated":true}]}}