{"id":332117,"date":"2025-08-20T17:50:13","date_gmt":"2025-08-20T17:50:13","guid":{"rendered":"https:\/\/www.europesays.com\/fr\/332117\/"},"modified":"2025-08-20T17:50:13","modified_gmt":"2025-08-20T17:50:13","slug":"mercato-un-couloir-droit-en-quete-de-solutions","status":"publish","type":"post","link":"https:\/\/www.europesays.com\/fr\/332117\/","title":{"rendered":"Mercato : un couloir droit en qu\u00eate de solutions"},"content":{"rendered":"<p>                            <img width=\"770\" height=\"433\" src=\"https:\/\/www.europesays.com\/fr\/wp-content\/uploads\/2025\/08\/AFP__20250131__36WU8X2__v1__HighRes__FblFraLigue1Lyon-770x433.jpg\" class=\"attachment-article size-article wp-post-image\" alt=\"Paulo Fonseca lors de sa pr\u00e9sentation comme nouvel entra\u00eeneur de l'OL\" decoding=\"async\" fetchpriority=\"high\"  \/><\/p>\n<p>Paulo Fonseca lors de sa pr\u00e9sentation comme nouvel entra\u00eeneur de l\u2019OL (Photo by OLIVIER CHASSIGNOLE \/ AFP)<\/p>\n<p>Le couloir droit de l\u2019OL reste un poste en souffrance, avec peu de solutions fiables. \u00c0 moins de deux semaines de la fin du mercato, le club doit rapidement trouver une option adapt\u00e9e.<\/p>\n<p>Le probl\u00e8me est \u00e9vident : \u00e0 droite, les alternatives sont tr\u00e8s limit\u00e9es et aucune ne semblent pour l&rsquo;heure totalement adapt\u00e9es. Ainsley <strong>Maitland-Niles<\/strong> a \u00e9volu\u00e9 \u00e0 ce poste lors de la victoire <a href=\"https:\/\/www.olympique-et-lyonnais.com\/lol-simpose-a-lens-non-sans-avoir-souffert-0-1,375985.html\" rel=\"nofollow noopener\" target=\"_blank\">(0-1)<\/a> face \u00e0 <strong>Lens<\/strong> et peut apporter un surnombre dans le milieu. Mais sur le c\u00f4t\u00e9, ses performances restent insuffisantes. Le staff lyonnais sait qu\u2019il ne peut pas compter uniquement sur lui pour s\u00e9curiser cette position.<\/p>\n<p>Des possibilit\u00e9s, mais pour du d\u00e9pannage <\/p>\n<p><strong>Adam Karabec <\/strong>peut d\u00e9panner, mais il est avant tout un joueur de rotation. Son profil est plut\u00f4t celui d\u2019un num\u00e9ro 10 et il reste plus efficace dans l\u2019axe que sur le c\u00f4t\u00e9 droit. <strong>Pavel Sulc<\/strong> est \u00e9galement une option, mais il est plus \u00e0 l\u2019aise \u00e0 gauche. Ces deux possibilit\u00e9s montrent clairement que l\u2019OL ne dispose pas d\u2019un joueur sp\u00e9cialis\u00e9 pour cette zone.<\/p>\n<p>Une recrue attendue pour le couloir droit<\/p>\n<p>Cette situation relance la question d\u2019un renfort. Le club poss\u00e8de un effectif solide dans l\u2019axe et sur les autres postes, mais le couloir droit reste fragile. Trouver un joueur capable de stabiliser ce c\u00f4t\u00e9 serait un vrai plus pour l&rsquo;\u00e9quipe et permettrait de ne plus bricoler \u00e0 chaque match. Avec une recrue cibl\u00e9e, l\u2019OL pourrait mieux \u00e9quilibrer son \u00e9quipe et am\u00e9liorer sa comp\u00e9titivit\u00e9 en Ligue 1 et Ligue Europa. En attendant, il faudra observer qui <strong>Paulo Fonseca<\/strong> choisira d\u2019aligner \u00e0 droite pour le match de ce samedi (21\u00a0h\u00a005) face \u00e0 <strong>Metz<\/strong>.<\/p>\n<p>\t\t\t\t\t<a href=\"https:\/\/www.olympique-et-lyonnais.com\/ol-metz-lol-va-sentrainer-au-parc-ol-ce-jeudi-matin,376539.html\" title=\"OL - Metz : l&#039;OL va s&#039;entra\u00eener au Parc OL ce jeudi matin\" rel=\"nofollow noopener\" target=\"_blank\"><img loading=\"lazy\" width=\"580\" height=\"326\" src=\"https:\/\/www.europesays.com\/fr\/wp-content\/uploads\/2025\/08\/AFP__20250426__43LT2RX__v1__HighRes__FblFraLigue1LyonRennes-580x326.jpg\" class=\"attachment-actularge size-actularge wp-post-image\" alt=\"Le Parc OL lors d'OL - Rennes\" decoding=\"async\"  \/>\t\t\t\t\t<\/a><\/p>\n","protected":false},"excerpt":{"rendered":"Paulo Fonseca lors de sa pr\u00e9sentation comme nouvel entra\u00eeneur de l\u2019OL (Photo by OLIVIER CHASSIGNOLE \/ AFP) Le&hellip;\n","protected":false},"author":2,"featured_media":332118,"comment_status":"","ping_status":"","sticky":false,"template":"","format":"standard","meta":{"footnotes":""},"categories":[1410],"tags":[63,1011,27,60],"class_list":{"0":"post-332117","1":"post","2":"type-post","3":"status-publish","4":"format-standard","5":"has-post-thumbnail","7":"category-football","8":"tag-football","9":"tag-fr","10":"tag-france","11":"tag-sports"},"share_on_mastodon":{"url":"https:\/\/pubeurope.com\/@fr\/115062362928929604","error":""},"_links":{"self":[{"href":"https:\/\/www.europesays.com\/fr\/wp-json\/wp\/v2\/posts\/332117","targetHints":{"allow":["GET"]}}],"collection":[{"href":"https:\/\/www.europesays.com\/fr\/wp-json\/wp\/v2\/posts"}],"about":[{"href":"https:\/\/www.europesays.com\/fr\/wp-json\/wp\/v2\/types\/post"}],"author":[{"embeddable":true,"href":"https:\/\/www.europesays.com\/fr\/wp-json\/wp\/v2\/users\/2"}],"replies":[{"embeddable":true,"href":"https:\/\/www.europesays.com\/fr\/wp-json\/wp\/v2\/comments?post=332117"}],"version-history":[{"count":0,"href":"https:\/\/www.europesays.com\/fr\/wp-json\/wp\/v2\/posts\/332117\/revisions"}],"wp:featuredmedia":[{"embeddable":true,"href":"https:\/\/www.europesays.com\/fr\/wp-json\/wp\/v2\/media\/332118"}],"wp:attachment":[{"href":"https:\/\/www.europesays.com\/fr\/wp-json\/wp\/v2\/media?parent=332117"}],"wp:term":[{"taxonomy":"category","embeddable":true,"href":"https:\/\/www.europesays.com\/fr\/wp-json\/wp\/v2\/categories?post=332117"},{"taxonomy":"post_tag","embeddable":true,"href":"https:\/\/www.europesays.com\/fr\/wp-json\/wp\/v2\/tags?post=332117"}],"curies":[{"name":"wp","href":"https:\/\/api.w.org\/{rel}","templated":true}]}}