{"id":332119,"date":"2025-08-20T17:51:10","date_gmt":"2025-08-20T17:51:10","guid":{"rendered":"https:\/\/www.europesays.com\/fr\/332119\/"},"modified":"2025-08-20T17:51:10","modified_gmt":"2025-08-20T17:51:10","slug":"deces-de-jean-pormanove-deux-stars-americaines-affirment-quelles-vont-payer-les-obseques-du-streamer","status":"publish","type":"post","link":"https:\/\/www.europesays.com\/fr\/332119\/","title":{"rendered":"D\u00e9c\u00e8s de Jean Pormanove\u00a0: deux stars am\u00e9ricaines affirment qu&rsquo;elles vont payer les obs\u00e8ques du streamer"},"content":{"rendered":"<p>Drake va-t-il financer les fun\u00e9railles de Jean Pormanove ?<\/p>\n<p class=\"ap-StoryElement ap-StoryElement--mb ap-StoryText\">La triste nouvelle a fait le tour du web mais aussi du monde. \u00c0 tel point qu&rsquo;Adin Ross, un influenceur am\u00e9ricain connu sur Kick, s&rsquo;est fendu d&rsquo;un long message sur X ce mardi 19 ao\u00fbt, au lendemain du d\u00e9c\u00e8s de JP. Adin Ross d\u00e9nonce une histoire \u00ab\u00a0terrible et immonde\u00a0\u00bb, et \u00e9crit : \u00ab\u00a0Ceux qui ont particip\u00e9 \u00e0 cette trag\u00e9die m\u00e9ritent d&rsquo;en payer les cons\u00e9quences. Je viens d&rsquo;\u00e9changer avec Drake. Lui et moi allons payer les obs\u00e8ques, cela ne le ram\u00e8nera pas, mais c&rsquo;est le moins que nous puissions faire\u00a0\u00bb. Le jeune Am\u00e9ricain \u2013 suivi par 1,8 million de personnes sur Kick et 7 millions sur Twitch \u2013 n&rsquo;a jamais collabor\u00e9 avec Jean Pormanove, mais bien avec le rappeur Drake, qui serait donc lui aussi pr\u00eat \u00e0 financer les fun\u00e9railles du streamer fran\u00e7ais.<\/p>\n<p class=\"ap-StoryElement ap-StoryElement--mb ap-StoryText\">Suite au d\u00e9c\u00e8s de JP, une enqu\u00eate a \u00e9t\u00e9 ouverte pour d\u00e9couvrir les causes de la mort. \u00ab\u00a0Plusieurs auditions de personnes pr\u00e9sentes au moment du d\u00e9c\u00e8s ont \u00e9t\u00e9 faites sans qu&rsquo;\u00e0 ce stade elles permettent de donner une orientation quant aux causes de celui-ci\u00a0\u00bb, a d\u00e9clar\u00e9 mercredi le procureur de Nice Damien Martinelli dans un communiqu\u00e9 transmis \u00e0 l&rsquo;AFP. Le corps de Jean Pormanove sera autopsi\u00e9 jeudi.<\/p>\n<p><a href=\"https:\/\/www.parismatch.be\/actualites\/people\/2025\/04\/07\/mariah-carey-interrompt-le-live-twitch-de-son-fils-et-le-met-mal-a-laise-la-sequence-devient-virale-3EUOBKYWDVGXBF2Z5KB6DWJKWE\/\" target=\"_blank\" rel=\"noopener noreferrer\" class=\"ap-StoryInterstitialLink ap-StoryElement ap-StoryElement--mb\">Mariah Carey interrompt le live Twitch de son fils et le met mal \u00e0 l&rsquo;aise, la s\u00e9quence devient virale<\/a><\/p>\n<p class=\"ap-StoryElement ap-StoryElement--mb ap-StoryText\">Le 16 d\u00e9cembre 2024, une premi\u00e8re enqu\u00eate avait d\u00e9j\u00e0 \u00e9t\u00e9 ouverte par la PJ de Nice, apr\u00e8s la diffusion d&rsquo;un article de Mediapart sur de pr\u00e9c\u00e9dentes vid\u00e9os dans lesquelles \u00ab\u00a0des personnes susceptibles d&rsquo;\u00eatre vuln\u00e9rables faisaient l&rsquo;objet de violences et d&rsquo;humiliations parfois encourag\u00e9es par des versements d&rsquo;argent des spectateurs\u00a0\u00bb. Dans le cadre de cette proc\u00e9dure, NarutoVie et Safine avaient \u00e9t\u00e9 plac\u00e9s en garde \u00e0 vue le 8 janvier 2025, et \u00ab\u00a0les personnes apparaissant comme victimes des violences et humiliations entendues\u00a0\u00bb, poursuit-il. Lors de leurs auditions, Jean Pormanove et Coudoux \u00ab\u00a0contestaient fermement \u00eatre victimes de violences, indiquant que les faits s&rsquo;inscrivaient dans des mises en sc\u00e8ne visant \u00e0 &lsquo;faire le buzz&rsquo; pour gagner de l&rsquo;argent\u00a0\u00bb.<\/p>\n","protected":false},"excerpt":{"rendered":"Drake va-t-il financer les fun\u00e9railles de Jean Pormanove ? La triste nouvelle a fait le tour du web&hellip;\n","protected":false},"author":2,"featured_media":332120,"comment_status":"","ping_status":"","sticky":false,"template":"","format":"standard","meta":{"footnotes":""},"categories":[1359],"tags":[58,59,3057,1011,27,1227,11043,310,21438,3754,973,252,46936],"class_list":{"0":"post-332119","1":"post","2":"type-post","3":"status-publish","4":"format-standard","5":"has-post-thumbnail","7":"category-people","8":"tag-divertissement","9":"tag-entertainment","10":"tag-essential","11":"tag-fr","12":"tag-france","13":"tag-horizontal","14":"tag-illustration","15":"tag-internet","16":"tag-logo","17":"tag-media","18":"tag-people","19":"tag-television","20":"tag-television-set"},"share_on_mastodon":{"url":"https:\/\/pubeurope.com\/@fr\/115062366739969340","error":""},"_links":{"self":[{"href":"https:\/\/www.europesays.com\/fr\/wp-json\/wp\/v2\/posts\/332119","targetHints":{"allow":["GET"]}}],"collection":[{"href":"https:\/\/www.europesays.com\/fr\/wp-json\/wp\/v2\/posts"}],"about":[{"href":"https:\/\/www.europesays.com\/fr\/wp-json\/wp\/v2\/types\/post"}],"author":[{"embeddable":true,"href":"https:\/\/www.europesays.com\/fr\/wp-json\/wp\/v2\/users\/2"}],"replies":[{"embeddable":true,"href":"https:\/\/www.europesays.com\/fr\/wp-json\/wp\/v2\/comments?post=332119"}],"version-history":[{"count":0,"href":"https:\/\/www.europesays.com\/fr\/wp-json\/wp\/v2\/posts\/332119\/revisions"}],"wp:featuredmedia":[{"embeddable":true,"href":"https:\/\/www.europesays.com\/fr\/wp-json\/wp\/v2\/media\/332120"}],"wp:attachment":[{"href":"https:\/\/www.europesays.com\/fr\/wp-json\/wp\/v2\/media?parent=332119"}],"wp:term":[{"taxonomy":"category","embeddable":true,"href":"https:\/\/www.europesays.com\/fr\/wp-json\/wp\/v2\/categories?post=332119"},{"taxonomy":"post_tag","embeddable":true,"href":"https:\/\/www.europesays.com\/fr\/wp-json\/wp\/v2\/tags?post=332119"}],"curies":[{"name":"wp","href":"https:\/\/api.w.org\/{rel}","templated":true}]}}