{"id":332121,"date":"2025-08-20T17:52:11","date_gmt":"2025-08-20T17:52:11","guid":{"rendered":"https:\/\/www.europesays.com\/fr\/332121\/"},"modified":"2025-08-20T17:52:11","modified_gmt":"2025-08-20T17:52:11","slug":"insolite-le-meilleur-sculpteur-a-la-tronconneuse-de-france-est-bourguignon","status":"publish","type":"post","link":"https:\/\/www.europesays.com\/fr\/332121\/","title":{"rendered":"Insolite. Le meilleur sculpteur \u00e0 la tron\u00e7onneuse de France est Bourguignon"},"content":{"rendered":"<p>Il accueille les curieux avec un regard d\u00e9j\u00e0 per\u00e7ant fix\u00e9 sur l\u2019horizon. Avec son long manteau, sa grande canne et sa barbe de patriarche, l\u2019homme en impose. Ses mains sont d\u2019une finesse extr\u00eame, tout comme les plis de ses v\u00eatements.\u00a0Le voyageur philosophe\u00a0, avec sa besace en bandouli\u00e8re remplie de livres, semble d\u00e9j\u00e0 en mouvement, en marche vers un ailleurs.<\/p>\n<p>Pourtant sous son chapeau, dans une cour du Martrat \u00e0 Marcilly-l\u00e8s-Buxy, l\u2019homme, criant de r\u00e9alisme, pos\u00e9 sur son pi\u00e9destal et encercl\u00e9 par un tapis de sciure, n\u2019est pas fait de chair et de sang. Son corps comme ses effets ont \u00e9t\u00e9 taill\u00e9s \u00e0 la tron\u00e7onneuse directement dans un tronc de ch\u00eane. L\u2019hypnotique personnage avec son&#8230;<\/p>\n","protected":false},"excerpt":{"rendered":"Il accueille les curieux avec un regard d\u00e9j\u00e0 per\u00e7ant fix\u00e9 sur l\u2019horizon. Avec son long manteau, sa grande&hellip;\n","protected":false},"author":2,"featured_media":332122,"comment_status":"","ping_status":"","sticky":false,"template":"","format":"standard","meta":{"footnotes":""},"categories":[1358],"tags":[1348,1384,1385,2931,1386,58,59,107,1011,27,1757],"class_list":{"0":"post-332121","1":"post","2":"type-post","3":"status-publish","4":"format-standard","5":"has-post-thumbnail","7":"category-arts-et-design","8":"tag-arts","9":"tag-arts-and-design","10":"tag-arts-et-design","11":"tag-cote-dor","12":"tag-design","13":"tag-divertissement","14":"tag-entertainment","15":"tag-fil-info","16":"tag-fr","17":"tag-france","18":"tag-insolite"},"share_on_mastodon":{"url":"https:\/\/pubeurope.com\/@fr\/115062370736849236","error":""},"_links":{"self":[{"href":"https:\/\/www.europesays.com\/fr\/wp-json\/wp\/v2\/posts\/332121","targetHints":{"allow":["GET"]}}],"collection":[{"href":"https:\/\/www.europesays.com\/fr\/wp-json\/wp\/v2\/posts"}],"about":[{"href":"https:\/\/www.europesays.com\/fr\/wp-json\/wp\/v2\/types\/post"}],"author":[{"embeddable":true,"href":"https:\/\/www.europesays.com\/fr\/wp-json\/wp\/v2\/users\/2"}],"replies":[{"embeddable":true,"href":"https:\/\/www.europesays.com\/fr\/wp-json\/wp\/v2\/comments?post=332121"}],"version-history":[{"count":0,"href":"https:\/\/www.europesays.com\/fr\/wp-json\/wp\/v2\/posts\/332121\/revisions"}],"wp:featuredmedia":[{"embeddable":true,"href":"https:\/\/www.europesays.com\/fr\/wp-json\/wp\/v2\/media\/332122"}],"wp:attachment":[{"href":"https:\/\/www.europesays.com\/fr\/wp-json\/wp\/v2\/media?parent=332121"}],"wp:term":[{"taxonomy":"category","embeddable":true,"href":"https:\/\/www.europesays.com\/fr\/wp-json\/wp\/v2\/categories?post=332121"},{"taxonomy":"post_tag","embeddable":true,"href":"https:\/\/www.europesays.com\/fr\/wp-json\/wp\/v2\/tags?post=332121"}],"curies":[{"name":"wp","href":"https:\/\/api.w.org\/{rel}","templated":true}]}}