{"id":332123,"date":"2025-08-20T17:53:20","date_gmt":"2025-08-20T17:53:20","guid":{"rendered":"https:\/\/www.europesays.com\/fr\/332123\/"},"modified":"2025-08-20T17:53:20","modified_gmt":"2025-08-20T17:53:20","slug":"wolfgang-tillmans-immortalise-sa-carte-blanche-au-centre-pompidou-dans-un-livre-sensible","status":"publish","type":"post","link":"https:\/\/www.europesays.com\/fr\/332123\/","title":{"rendered":"Wolfgang Tillmans immortalise sa carte blanche au Centre Pompidou dans un livre sensible"},"content":{"rendered":"<p><strong>\u00c0 travers quarante ans d\u2019archives et tirages r\u00e9cents, de l&rsquo;analogique \u00e0 l\u2019\u00e8re num\u00e9rique, de nos vies minuscules \u00e0 l\u2019histoire majeure, Wolfgang Tillmans installe, en direct de la Biblioth\u00e8que publique d\u2019information du Centre Pompidou, sa monographie r\u00e9active. En continuit\u00e9 de l\u2019exposition, le photographe, passionn\u00e9 de la page imprim\u00e9e, ancre sa vision dans un ouvrage in\u00e9dit.<\/strong><\/p>\n<p>\u201cJ&rsquo;ai toujours eu foi dans les livres, parce qu&rsquo;\u00e0 moins de d\u00e9truire jusqu&rsquo;au dernier tous les exemplaires d&rsquo;un tirage, ils cr\u00e9ent une r\u00e9alit\u00e9 physique qui ne peut \u00eatre effac\u00e9e. Ils sont l\u00e0 pour t\u00e9moigner de ce qui a \u00e9t\u00e9 possible, de ce qui a \u00e9t\u00e9 pens\u00e9 et dit &#8211; et de ce qu&rsquo;il a \u00e9t\u00e9 possible de dire.\u201d C&rsquo;est en ces termes que <strong>Wolfgang Tillmans confie son rapport intime au papier<\/strong>, dans l\u2019\u00e9change avec Renzo Piano \u00e0 retrouver dans le catalogue de son exposition toujours en cours au Centre Pompidou. Des mots qui, \u00e0 eux seuls, expliquent que le parcours Rien ne nous y pr\u00e9parait \u2013 Tout nous y pr\u00e9parait, se mat\u00e9rialise aujourd&rsquo;hui dans un ouvrage, vecteur de m\u00e9moire, de connaissance, d\u2019\u00e9motion. Une affaire de transmission, en \u00e9cho \u00e0 la mission de la Bpi, \u00e9crin de l&rsquo;accrochage.<\/p>\n<p><img decoding=\"async\" src=\"https:\/\/www.europesays.com\/fr\/wp-content\/uploads\/2025\/08\/picture.jpg\" alt=\"Vue de l'exposition \u201cRien ne nous y pr\u00e9parait \u2013 Tout nous y pr\u00e9parait\u201d de Wolfgang Tillmans, au Centre Pompidou jusqu'au 22 septembre 2025.\" class=\"allowseedtag apply-ratio lazyload\"\/>\u00a9 Wolfgang Tillmans, Jens ZieheVue de l&rsquo;exposition \u201cRien ne nous y pr\u00e9parait \u2013 Tout nous y pr\u00e9parait\u201d de Wolfgang Tillmans, au Centre Pompidou jusqu&rsquo;au 22 septembre 2025.<\/p>\n<p>Pour immortaliser <a href=\"https:\/\/www.harpersbazaar.fr\/culture\/wolfgang-tillmans-expose-3000-oeuvres-picturales-au-centre-pompidou_5830\" rel=\"nofollow noopener\" target=\"_blank\">sa carte blanche<\/a>, le photographe l&rsquo;a document\u00e9e, d\u00e8s son inauguration. Noir sur blanc et en couleur, 272 pages pour 380 illustrations&#8230; Ses prises de vues capturent son lien avec le lieu, une appropriation d\u2019espace \u201cde la moquette d\u2019une biblioth\u00e8que \u00e0 son tissu social\u201d expliqu\u00e9e par Florian Ebner dans l\u2019ouvrage. <strong>Entre images et narration, ce catalogue devient une \u0153uvre sensorielle \u00e0 part<\/strong>, un document d\u2019archive d\u00e9sormais disponible en librairie.<\/p>\n<p>Les derniers jours \u00e0 Beaubourg<\/p>\n<p>Jusqu\u2019au 22 septembre, le parcours Rien ne nous y pr\u00e9parait \u2013 Tout nous y pr\u00e9parait de Wolfgang Tillmans s\u2019\u00e9tend en 3 000 \u0153uvres, minutieusement r\u00e9parties dans les 6 000 m\u00e8tres carr\u00e9s de la Bpi. Apr\u00e8s \u00e7a, <a href=\"https:\/\/www.harpersbazaar.fr\/culture\/ne-pas-vraiment-quitter-le-centre-pompidou-apres-sa-fermeture_5022\" rel=\"nofollow noopener\" target=\"_blank\">le Centre Pompidou fermera ses portes<\/a> pour une dur\u00e9e de cinq ans. C\u2019est notamment en vue des travaux que la biblioth\u00e8que a \u00e9t\u00e9 vid\u00e9e et a pu ainsi accueillir, temporairement, les images de Wolfgang Tillmans.<\/p>\n<p><img decoding=\"async\" src=\"https:\/\/www.europesays.com\/fr\/wp-content\/uploads\/2025\/08\/1755712400_163_picture.jpg\" alt=\"Vue de l'exposition \u201cRien ne nous y pr\u00e9parait \u2013 Tout nous y pr\u00e9parait\u201d de Wolfgang Tillmans, au Centre Pompidou jusqu'au 22 septembre 2025.\" class=\"allowseedtag apply-ratio lazyload\"\/>\u00a9 Wolfgang Tillmans, Jens ZieheVue de l&rsquo;exposition \u201cRien ne nous y pr\u00e9parait \u2013 Tout nous y pr\u00e9parait\u201d de Wolfgang Tillmans, au Centre Pompidou jusqu&rsquo;au 22 septembre 2025.<\/p>\n<p>Une affaire de circonstances, comme celles qui offrent depuis une quarantaine d\u2019ann\u00e9es au photographe ses sujets spontan\u00e9s, souvent obtenus d\u2019une suite d\u2019impr\u00e9vus. On pense au tirage Army (Moscow 2005), \u2014 num\u00e9rot\u00e9 7 dans le module A &#8211; L\u2019histoire au pr\u00e9sent de l\u2019exposition \u2014 qui capture une brigade de soldats russes comm\u00e9morant le soixanti\u00e8me anniversaire de la fin de la Seconde Guerre mondiale. Au moment o\u00f9 la photo est prise, les soldats se cachent derri\u00e8re leurs boucliers. Au fil de ses passages \u00e0 la photocopieuse, ces m\u00eames boucliers s\u2019effacent \u00e0 l\u2019image et perdent, symboliquement, de leur protection. Sur la pellicule de Wolfgang Tillmans, <strong>raconter des fragments d\u2019histoire moderne<\/strong>, visibles et invisibles, c\u2019est entretenir une m\u00e9moire collective.<\/p>\n<p><img decoding=\"async\" src=\"https:\/\/www.europesays.com\/fr\/wp-content\/uploads\/2025\/08\/1755712400_148_picture.jpg\" alt=\"Le catalogue de l'exposition \u201cWolfgang Tillmans Rien ne nous y pr\u00e9parait - Tout nous y pr\u00e9parait\u201d, sous la direction de Florian Ebner et Olga Frydryszak-R\u00e9tat, disponible en librairie.\" class=\"allowseedtag apply-ratio lazyload\"\/>\u00a9 Wolfgang Tillmans, Editions Centre PompidouLe catalogue de l&rsquo;exposition \u201cWolfgang Tillmans Rien ne nous y pr\u00e9parait &#8211; Tout nous y pr\u00e9parait\u201d, sous la direction de Florian Ebner et Olga Frydryszak-R\u00e9tat, disponible en librairie.<\/p>\n","protected":false},"excerpt":{"rendered":"\u00c0 travers quarante ans d\u2019archives et tirages r\u00e9cents, de l&rsquo;analogique \u00e0 l\u2019\u00e8re num\u00e9rique, de nos vies minuscules \u00e0&hellip;\n","protected":false},"author":2,"featured_media":332124,"comment_status":"","ping_status":"","sticky":false,"template":"","format":"standard","meta":{"footnotes":""},"categories":[1357],"tags":[3734,1379,58,59,3293,1011,27,1380,1756],"class_list":{"0":"post-332123","1":"post","2":"type-post","3":"status-publish","4":"format-standard","5":"has-post-thumbnail","7":"category-livres","8":"tag-art","9":"tag-books","10":"tag-divertissement","11":"tag-entertainment","12":"tag-exposition","13":"tag-fr","14":"tag-france","15":"tag-livres","16":"tag-photographie"},"share_on_mastodon":{"url":"https:\/\/pubeurope.com\/@fr\/115062374718525684","error":""},"_links":{"self":[{"href":"https:\/\/www.europesays.com\/fr\/wp-json\/wp\/v2\/posts\/332123","targetHints":{"allow":["GET"]}}],"collection":[{"href":"https:\/\/www.europesays.com\/fr\/wp-json\/wp\/v2\/posts"}],"about":[{"href":"https:\/\/www.europesays.com\/fr\/wp-json\/wp\/v2\/types\/post"}],"author":[{"embeddable":true,"href":"https:\/\/www.europesays.com\/fr\/wp-json\/wp\/v2\/users\/2"}],"replies":[{"embeddable":true,"href":"https:\/\/www.europesays.com\/fr\/wp-json\/wp\/v2\/comments?post=332123"}],"version-history":[{"count":0,"href":"https:\/\/www.europesays.com\/fr\/wp-json\/wp\/v2\/posts\/332123\/revisions"}],"wp:featuredmedia":[{"embeddable":true,"href":"https:\/\/www.europesays.com\/fr\/wp-json\/wp\/v2\/media\/332124"}],"wp:attachment":[{"href":"https:\/\/www.europesays.com\/fr\/wp-json\/wp\/v2\/media?parent=332123"}],"wp:term":[{"taxonomy":"category","embeddable":true,"href":"https:\/\/www.europesays.com\/fr\/wp-json\/wp\/v2\/categories?post=332123"},{"taxonomy":"post_tag","embeddable":true,"href":"https:\/\/www.europesays.com\/fr\/wp-json\/wp\/v2\/tags?post=332123"}],"curies":[{"name":"wp","href":"https:\/\/api.w.org\/{rel}","templated":true}]}}