{"id":332131,"date":"2025-08-20T17:57:10","date_gmt":"2025-08-20T17:57:10","guid":{"rendered":"https:\/\/www.europesays.com\/fr\/332131\/"},"modified":"2025-08-20T17:57:10","modified_gmt":"2025-08-20T17:57:10","slug":"neuf-soignants-contamines-par-la-gale-transmise-par-un-patient","status":"publish","type":"post","link":"https:\/\/www.europesays.com\/fr\/332131\/","title":{"rendered":"Neuf soignants contamin\u00e9s par la gale transmise par un patient"},"content":{"rendered":"<p>Neuf patients de la polyclinique de Cabestany (<a href=\"https:\/\/www.20minutes.fr\/dossier\/pyrenees_orientales\" class=\"c-link c-link--is-underlined\" rel=\"nofollow noopener\" target=\"_blank\">Pyr\u00e9n\u00e9es-Orientales<\/a>), pr\u00e8s de <a href=\"https:\/\/www.20minutes.fr\/dossier\/perpignan\" class=\"c-link c-link--is-underlined\" rel=\"nofollow noopener\" target=\"_blank\">Perpignan<\/a>, ont \u00e9t\u00e9 contamin\u00e9s par la gale, \u00e9voque <a href=\"https:\/\/www.lindependant.fr\/2025\/08\/18\/nous-nous-inquietons-pour-nos-patients-nos-collegues-nous-memes-et-nos-familles-des-cas-groupes-de-gale-detectes-parmi-les-soignants-cette-clinique-12881504.php\" target=\"_blank\" class=\"c-link c-link--is-underlined\" rel=\"nofollow noopener\">L\u2019Ind\u00e9pendant<\/a>, depuis la mi-juillet.<\/p>\n<p>Le quotidien r\u00e9gional explique qu\u2019un homme, hospitalis\u00e9 pour un cancer en phase terminale, serait \u00e0 l\u2019origine de cette contamination. A son arriv\u00e9e dans l\u2019\u00e9tablissement, il pr\u00e9sentait des l\u00e9sions cutan\u00e9es, attribu\u00e9es dans un premier temps aux cons\u00e9quences de son traitement. Mais le 18\u00a0juillet, sa femme a \u00e9t\u00e9 \u00e0 son tour hospitalis\u00e9e avec les m\u00eames l\u00e9sions.<\/p>\n<p>Deux infirmi\u00e8res pr\u00e9sentent les sympt\u00f4mes d\u00e9but ao\u00fbt<\/p>\n<p>Deux infirmi\u00e8res auraient pr\u00e9sent\u00e9 \u00e0 leur tour des sympt\u00f4mes d\u00e9but ao\u00fbt. La maladie, tr\u00e8s contagieuse, aurait \u00e9t\u00e9 transmise \u00e0 d\u2019autres membres du corps soignant. Selon la direction de l\u2019\u00e9tablissement, cit\u00e9e par L\u2019Ind\u00e9pendant, \u00ab\u00a0neuf personnes sont arr\u00eat\u00e9es pour huit jours\u00a0\u00bb. Le 19 ao\u00fbt, elles auraient re\u00e7u un mail de la DRH leur demandant de se soigner de \u00ab\u00a0mani\u00e8re synchronis\u00e9e\u00a0\u00bb avec leurs proches. Contact\u00e9e par 20 Minutes, l\u2019ARS Occitanie n\u2019a, pour le moment, pas r\u00e9pondu \u00e0 notre demande.<\/p>\n<\/p>\n<p>\u00ab\u00a0La gale n\u2019est pas une maladie \u00e0 d\u00e9claration obligatoire\u00a0\u00bb, rappelle l\u2019ARS du Centre-Val-de-Loire. \u00ab\u00a0Mais tous les cas group\u00e9s de gale en collectivit\u00e9 d\u2019adultes ou d\u2019enfants\u00a0\u00bb, doivent \u00ab\u00a0\u00eatre signal\u00e9s \u00e0 l\u2019Agence r\u00e9gionale de sant\u00e9\u00a0\u00bb.<\/p>\n<p><a href=\"https:\/\/www.20minutes.fr\/dossier\/sante_publique\" class=\"c-link c-btn c-btn--primary\" rel=\"nofollow noopener\" target=\"_blank\">Notre dossier sur la sant\u00e9 publique<\/a><\/p>\n<p>\u00ab\u00a0La gale est une <a href=\"https:\/\/www.ameli.fr\/assure\/sante\/themes\/gale\/traitement-mesures-prendre\" target=\"_blank\" class=\"c-link c-link--is-underlined\" rel=\"nofollow noopener\">dermatose parasitaire<\/a>. Il s\u2019agit d\u2019une affection cutan\u00e9e grandement contagieuse, \u00e9voque l\u2019<a href=\"https:\/\/www.centre-val-de-loire.ars.sante.fr\/gale-en-collectivite-informations-et-conduites-tenir\" target=\"_blank\" class=\"c-link c-link--is-underlined\" rel=\"nofollow noopener\">ARS du Centre-Val-de-Loire<\/a>. Le parasite responsable, qui colonise la couche corn\u00e9e (premi\u00e8re couche) de l\u2019\u00e9piderme, est le sarcopte scabiei hominis.\u00a0\u00bb La femelle creuse des petits tunnels sous la peau, ou elle y pond ses \u0153ufs, provoquant d\u2019intenses d\u00e9mangeaisons. Il s\u2019agit d\u2019une maladie exclusivement humaine.<\/p>\n","protected":false},"excerpt":{"rendered":"Neuf patients de la polyclinique de Cabestany (Pyr\u00e9n\u00e9es-Orientales), pr\u00e8s de Perpignan, ont \u00e9t\u00e9 contamin\u00e9s par la gale, \u00e9voque&hellip;\n","protected":false},"author":2,"featured_media":332132,"comment_status":"","ping_status":"","sticky":false,"template":"","format":"standard","meta":{"footnotes":""},"categories":[10],"tags":[47,13240,1011,27,72,2681,226,2680,3464,11548,71],"class_list":{"0":"post-332131","1":"post","2":"type-post","3":"status-publish","4":"format-standard","5":"has-post-thumbnail","7":"category-sante","8":"tag-actualite","9":"tag-agence-regionale-de-sante","10":"tag-fr","11":"tag-france","12":"tag-health","13":"tag-languedoc-roussillon","14":"tag-maladie","15":"tag-occitanie","16":"tag-perpignan","17":"tag-pyrenees-orientales","18":"tag-sante"},"share_on_mastodon":{"url":"https:\/\/pubeurope.com\/@fr\/115062390555819116","error":""},"_links":{"self":[{"href":"https:\/\/www.europesays.com\/fr\/wp-json\/wp\/v2\/posts\/332131","targetHints":{"allow":["GET"]}}],"collection":[{"href":"https:\/\/www.europesays.com\/fr\/wp-json\/wp\/v2\/posts"}],"about":[{"href":"https:\/\/www.europesays.com\/fr\/wp-json\/wp\/v2\/types\/post"}],"author":[{"embeddable":true,"href":"https:\/\/www.europesays.com\/fr\/wp-json\/wp\/v2\/users\/2"}],"replies":[{"embeddable":true,"href":"https:\/\/www.europesays.com\/fr\/wp-json\/wp\/v2\/comments?post=332131"}],"version-history":[{"count":0,"href":"https:\/\/www.europesays.com\/fr\/wp-json\/wp\/v2\/posts\/332131\/revisions"}],"wp:featuredmedia":[{"embeddable":true,"href":"https:\/\/www.europesays.com\/fr\/wp-json\/wp\/v2\/media\/332132"}],"wp:attachment":[{"href":"https:\/\/www.europesays.com\/fr\/wp-json\/wp\/v2\/media?parent=332131"}],"wp:term":[{"taxonomy":"category","embeddable":true,"href":"https:\/\/www.europesays.com\/fr\/wp-json\/wp\/v2\/categories?post=332131"},{"taxonomy":"post_tag","embeddable":true,"href":"https:\/\/www.europesays.com\/fr\/wp-json\/wp\/v2\/tags?post=332131"}],"curies":[{"name":"wp","href":"https:\/\/api.w.org\/{rel}","templated":true}]}}