{"id":332135,"date":"2025-08-20T17:59:16","date_gmt":"2025-08-20T17:59:16","guid":{"rendered":"https:\/\/www.europesays.com\/fr\/332135\/"},"modified":"2025-08-20T17:59:16","modified_gmt":"2025-08-20T17:59:16","slug":"rentree-radio-ophelie-meunier-arrive-sur-rtl2","status":"publish","type":"post","link":"https:\/\/www.europesays.com\/fr\/332135\/","title":{"rendered":"Rentr\u00e9e radio\u00a0: Oph\u00e9lie Meunier arrive sur RTL2"},"content":{"rendered":"<p class=\"paragraph text_align_left lp-f-body-02\">\u00ab C\u2019est juste un au revoir \u00bb, assurait-elle en quittant RTL fin juin 2024, o\u00f9 elle pilotait \u00ab Confidentiel \u00bb, un rendez-vous hebdomadaire sur la vie des c\u00e9l\u00e9brit\u00e9s. \u00ab Une pause \u00bb plut\u00f4t qu\u2019un arr\u00eat, et un engagement tenu. Un an plus tard, <a href=\"https:\/\/www.leparisien.fr\/sports\/football\/ligue-des-champions\/mon-psg-a-moi-par-ophelie-meunier-la-premiere-fois-que-je-suis-allee-au-parc-la-magie-a-opere-27-05-2025-A4QMJDUA6BAPNNOV3MWERIOA2U.php\" target=\"_blank\" rel=\"noreferrer nofollow noopener\">Oph\u00e9lie Meunier<\/a> s\u2019appr\u00eate \u00e0 faire son retour sur les ondes, mais pas sur RTL. Selon nos informations, la journaliste de 37 ans sera l\u2019un des visages de la rentr\u00e9e de\u2026 RTL2 !<\/p>\n<p class=\"paragraph text_align_left lp-f-body-02\">Difficile cependant de savoir pr\u00e9cis\u00e9ment ce que fera l\u2019animatrice. Elle devrait prendre les commandes d\u2019une nouvelle \u00e9mission hebdomadaire sur la station au \u00ab son pop-rock \u00bb, comme le veut son jingle.<\/p>\n<p class=\"paragraph text_align_left lp-f-body-02\">Elle rejoint donc les visages d\u00e9j\u00e0 connus du public, qu\u2019il s\u2019agisse de Gr\u00e9gory Ascher et Justine Salmon \u00e0 la matinale \u00ab Le double expresso \u00bb ou d\u2019\u00c9ric Jean-Jean au \u00ab Drive \u00bb l\u2019apr\u00e8s-midi, tous trois pr\u00e9sents depuis 2016. Sans oublier \u00e9videmment Francis Z\u00e9gut, qui entre dans sa 25e saison sur l\u2019antenne !<\/p>\n<p>Une dixi\u00e8me saison de \u00ab Zone interdite \u00bb<\/p>\n<p class=\"paragraph text_align_left lp-f-body-02\">Pour cette rentr\u00e9e, Oph\u00e9lie Meunier montrera donc plusieurs facettes de sa personnalit\u00e9. Sur M 6, elle conservera sa casquette de journaliste en reprenant les manettes du magazine \u00ab Zone interdite \u00bb pour sa dixi\u00e8me saison. Elle gardera aussi celle de pr\u00e9sentatrice des magazines d\u2019avant et d\u2019apr\u00e8s-match pour la Coupe du monde 2026 de football, en juillet prochain.<\/p>\n<p class=\"paragraph text_align_left lp-f-body-02\">Et voici donc une troisi\u00e8me corde, musicale, sur RTL2 pour celle qui, en 2017, avait propos\u00e9 une version endiabl\u00e9e de \u00ab I Love Rock\u2019n\u2019Roll \u00bb avec Philippe Etchebest \u00e0 la batterie lors de la soir\u00e9e du trenti\u00e8me anniversaire de M 6.<\/p>\n<p class=\"paragraph text_align_left lp-f-body-02\">Le tout sur un m\u00e9dia qui lui tient \u00e0 c\u0153ur, comme elle le confiait au site <a href=\"https:\/\/www.ozap.com\/actu\/-c-est-mon-choix-ophelie-meunier-devoile-les-raisons-qui-l-ont-poussee-a-quitter-rtl\/646008#:~:text=L&#039;animatrice%20de%20%22Zone%20interdite,t%2Delle%20aupr\u00e8s%20de%20Purem\u00e9dias.&amp;text=%22On%20s&#039;est%20appel\u00e9%20et,&#039;on%20mettait%20sur%20pause%22.\" target=\"_blank\" rel=\"noreferrer nofollow noopener\">PureM\u00e9dias<\/a> en octobre 2024, en \u00e9voquant l\u2019arr\u00eat de \u00ab Confidentiel \u00bb : \u00ab J\u2019adore la radio et je suis tellement heureuse d\u2019avoir fait \u00e7a pendant quatre ans. (\u2026). J\u2019ai eu une nouvelle approche du m\u00e9tier et je me souhaite d\u2019y revenir. Je ne sais pas quand, de quelle mani\u00e8re, \u00e0 quelle heure ni comment. \u00bb<\/p>\n","protected":false},"excerpt":{"rendered":"\u00ab C\u2019est juste un au revoir \u00bb, assurait-elle en quittant RTL fin juin 2024, o\u00f9 elle pilotait \u00ab&hellip;\n","protected":false},"author":2,"featured_media":332136,"comment_status":"","ping_status":"","sticky":false,"template":"","format":"standard","meta":{"footnotes":""},"categories":[8],"tags":[872,58,59,1011,27,2205],"class_list":{"0":"post-332135","1":"post","2":"type-post","3":"status-publish","4":"format-standard","5":"has-post-thumbnail","7":"category-divertissement","8":"tag-culture-et-loisirs","9":"tag-divertissement","10":"tag-entertainment","11":"tag-fr","12":"tag-france","13":"tag-television-medias"},"share_on_mastodon":{"url":"https:\/\/pubeurope.com\/@fr\/115062398575663572","error":""},"_links":{"self":[{"href":"https:\/\/www.europesays.com\/fr\/wp-json\/wp\/v2\/posts\/332135","targetHints":{"allow":["GET"]}}],"collection":[{"href":"https:\/\/www.europesays.com\/fr\/wp-json\/wp\/v2\/posts"}],"about":[{"href":"https:\/\/www.europesays.com\/fr\/wp-json\/wp\/v2\/types\/post"}],"author":[{"embeddable":true,"href":"https:\/\/www.europesays.com\/fr\/wp-json\/wp\/v2\/users\/2"}],"replies":[{"embeddable":true,"href":"https:\/\/www.europesays.com\/fr\/wp-json\/wp\/v2\/comments?post=332135"}],"version-history":[{"count":0,"href":"https:\/\/www.europesays.com\/fr\/wp-json\/wp\/v2\/posts\/332135\/revisions"}],"wp:featuredmedia":[{"embeddable":true,"href":"https:\/\/www.europesays.com\/fr\/wp-json\/wp\/v2\/media\/332136"}],"wp:attachment":[{"href":"https:\/\/www.europesays.com\/fr\/wp-json\/wp\/v2\/media?parent=332135"}],"wp:term":[{"taxonomy":"category","embeddable":true,"href":"https:\/\/www.europesays.com\/fr\/wp-json\/wp\/v2\/categories?post=332135"},{"taxonomy":"post_tag","embeddable":true,"href":"https:\/\/www.europesays.com\/fr\/wp-json\/wp\/v2\/tags?post=332135"}],"curies":[{"name":"wp","href":"https:\/\/api.w.org\/{rel}","templated":true}]}}