{"id":332147,"date":"2025-08-20T18:05:14","date_gmt":"2025-08-20T18:05:14","guid":{"rendered":"https:\/\/www.europesays.com\/fr\/332147\/"},"modified":"2025-08-20T18:05:14","modified_gmt":"2025-08-20T18:05:14","slug":"loire-dans-les-pas-dhenrys-le-stephanois-soon-lordinaire-defie-le-vide","status":"publish","type":"post","link":"https:\/\/www.europesays.com\/fr\/332147\/","title":{"rendered":"Loire. Dans les pas d\u2019Henry\u2019s, le St\u00e9phanois Soon l\u2019ordinaire d\u00e9fie le vide"},"content":{"rendered":"<p>\u00c0 29 ans, Gaspard Goix marche dans les pas de celui qu\u2019il a choisi comme mentor\u00a0: le c\u00e9l\u00e8bre funambule st\u00e9phanois Henry\u2019s. Sous le nom d\u2018artiste \u00ab\u00a0Soon l\u2019ordinaire\u00a0\u00bb, le jeune homme multiplie les performances extraordinaires, imitant Henry R\u00e9chatin qui d\u00e9fia le vide jusqu\u2019\u00e0 sa mort en 2013.<\/p>\n<p>Sur un c\u00e2ble avec Henry\u2019s<\/p>\n<p>N\u00e9 au Vietnam, Gaspard Goix a grandi dans le quartier de La Cotonne, apr\u00e8s avoir \u00e9t\u00e9 adopt\u00e9 par une famille st\u00e9phanoise. Un d\u00e9but de vie marqu\u00e9 par les violences de son p\u00e8re adoptif sur sa m\u00e8re, le petit Gaspard est un enfant turbulent et hyperactif. \u00ab\u00a0Ma maman a tout essay\u00e9, la natation, l\u2019\u00e9quitation, le break danse\u00a0\u00bb, se rappelle-t-il.<\/p>\n<p>Au milieu de toutes ces activit\u00e9s, il se retrouve un jour en \u00e9quilibre sur une corde lors d\u2019une colonie de vacances. Son professeur n\u2019est autre qu\u2019Henry\u2019s <a href=\"https:\/\/www.leprogres.fr\/societe\/2025\/07\/20\/il-y-a-60-ans-le-premier-coup-de-maitre-du-jongleur-de-la-mort-au-dessus-du-barrage-de-grangent\" target=\"_blank\" rel=\"noopener\">le funambule, acrobate et jongleur st\u00e9phanois qui a multipli\u00e9 les exploits au-dessus du vide<\/a>. \u00ab\u00a0Il nous a fait faire du c\u00e2ble \u00e0 un m\u00e8tre du sol. C\u2019\u00e9tait pour le plaisir, le&#8230;<\/p>\n","protected":false},"excerpt":{"rendered":"\u00c0 29 ans, Gaspard Goix marche dans les pas de celui qu\u2019il a choisi comme mentor\u00a0: le c\u00e9l\u00e8bre&hellip;\n","protected":false},"author":2,"featured_media":332148,"comment_status":"","ping_status":"","sticky":false,"template":"","format":"standard","meta":{"footnotes":""},"categories":[9653],"tags":[1111,11,2430,1687,7539,1777,674,1011,27,937,12,25,4001,7538,104,3140],"class_list":{"0":"post-332147","1":"post","2":"type-post","3":"status-publish","4":"format-standard","5":"has-post-thumbnail","7":"category-saint-etienne","8":"tag-actu","9":"tag-actualites","10":"tag-auvergne-rhone-alpes","11":"tag-culture-loisirs","12":"tag-edition-loire-sud","13":"tag-eu","14":"tag-europe","15":"tag-fr","16":"tag-france","17":"tag-histoire","18":"tag-news","19":"tag-republique-francaise","20":"tag-saint-etienne","21":"tag-saint-etienne-ville","22":"tag-societe","23":"tag-spectacle"},"share_on_mastodon":{"url":"https:\/\/pubeurope.com\/@fr\/115062421984807380","error":""},"_links":{"self":[{"href":"https:\/\/www.europesays.com\/fr\/wp-json\/wp\/v2\/posts\/332147","targetHints":{"allow":["GET"]}}],"collection":[{"href":"https:\/\/www.europesays.com\/fr\/wp-json\/wp\/v2\/posts"}],"about":[{"href":"https:\/\/www.europesays.com\/fr\/wp-json\/wp\/v2\/types\/post"}],"author":[{"embeddable":true,"href":"https:\/\/www.europesays.com\/fr\/wp-json\/wp\/v2\/users\/2"}],"replies":[{"embeddable":true,"href":"https:\/\/www.europesays.com\/fr\/wp-json\/wp\/v2\/comments?post=332147"}],"version-history":[{"count":0,"href":"https:\/\/www.europesays.com\/fr\/wp-json\/wp\/v2\/posts\/332147\/revisions"}],"wp:featuredmedia":[{"embeddable":true,"href":"https:\/\/www.europesays.com\/fr\/wp-json\/wp\/v2\/media\/332148"}],"wp:attachment":[{"href":"https:\/\/www.europesays.com\/fr\/wp-json\/wp\/v2\/media?parent=332147"}],"wp:term":[{"taxonomy":"category","embeddable":true,"href":"https:\/\/www.europesays.com\/fr\/wp-json\/wp\/v2\/categories?post=332147"},{"taxonomy":"post_tag","embeddable":true,"href":"https:\/\/www.europesays.com\/fr\/wp-json\/wp\/v2\/tags?post=332147"}],"curies":[{"name":"wp","href":"https:\/\/api.w.org\/{rel}","templated":true}]}}