{"id":332151,"date":"2025-08-20T18:07:12","date_gmt":"2025-08-20T18:07:12","guid":{"rendered":"https:\/\/www.europesays.com\/fr\/332151\/"},"modified":"2025-08-20T18:07:12","modified_gmt":"2025-08-20T18:07:12","slug":"nancy-en-escale-a-nancy-les-touristes-hollandais-se-font-voler-leurs-velos-deux-sdf-interpelles","status":"publish","type":"post","link":"https:\/\/www.europesays.com\/fr\/332151\/","title":{"rendered":"Nancy. En escale \u00e0 Nancy, les touristes hollandais se font voler leurs v\u00e9los\u00a0: deux SDF interpell\u00e9s"},"content":{"rendered":"<p>Sur la route du retour au pays, un couple de Hollandais avait choisi Nancy pour une halte salvatrice. Les touristes logeaient en Aparthotel, rue du XXe-Corps, au cours de la nuit de lundi \u00e0 mardi 19\u00a0ao\u00fbt. Leur v\u00e9hicule, garni jusqu\u2019au plafond (sacs \u00e0 dos, deux v\u00e9los\u2026), \u00e9tait stationn\u00e9 sur le parking Sainte-Catherine situ\u00e9 \u00e0 proximit\u00e9 de leur h\u00f4tel.<\/p>\n<p>Reste que deux individus fracturaient une vitre arri\u00e8re du v\u00e9hicule et parvenaient \u00e0 voler les sacs, ainsi que les v\u00e9los. Quand bien m\u00eame, les cycles ne disposaient pas de leur roue avant, pr\u00e9alablement d\u00e9mont\u00e9e par les voyageurs afin de pouvoir caser leurs bicyclettes dans l\u2019habitacle.<\/p>\n<p>  V\u00e9los restitu\u00e9s<\/p>\n<p>Intrigu\u00e9e par ces deux individus qui poussaient deux v\u00e9los \u00e0 la roue avant manquante, une patrouille de la brigade anticriminalit\u00e9 d\u00e9cidait de proc\u00e9der \u00e0 leur contr\u00f4le. Une initiative polici\u00e8re qui permettait d\u2019identifier les victimes et le v\u00e9hicule fractur\u00e9. En garde \u00e0 vue au groupe d\u2019action judiciaire, les deux hommes \u00e2g\u00e9s d\u2019une vingtaine d\u2019ann\u00e9es, tous deux SDF, niaient les faits. L\u2019un d\u2019eux avait \u00e9t\u00e9 pr\u00e9c\u00e9demment impliqu\u00e9 dans un vol \u00e0 l\u2019arrach\u00e9 commis \u00e0 Nancy.<\/p>\n<p>Le duo a \u00e9t\u00e9 remis en libert\u00e9 \u00e0 l\u2019issue de son audition avec une convocation devant le tribunal judiciaire pour le 30\u00a0janvier. Sacs \u00e0 dos et v\u00e9los ont pu \u00eatre restitu\u00e9s aux touristes Hollandais qui, malgr\u00e9 leur m\u00e9saventure, devraient regagner la Hollande avec un bon souvenir si ce n\u2019est de la ville, \u00e0 tout le moins de la r\u00e9activit\u00e9 de la police nanc\u00e9ienne.<\/p>\n","protected":false},"excerpt":{"rendered":"Sur la route du retour au pays, un couple de Hollandais avait choisi Nancy pour une halte salvatrice.&hellip;\n","protected":false},"author":2,"featured_media":332152,"comment_status":"","ping_status":"","sticky":false,"template":"","format":"standard","meta":{"footnotes":""},"categories":[9635],"tags":[1111,11,271,272,1704,1777,674,274,1011,27,775,3457,1702,1703,12,25],"class_list":{"0":"post-332151","1":"post","2":"type-post","3":"status-publish","4":"format-standard","5":"has-post-thumbnail","7":"category-nancy","8":"tag-actu","9":"tag-actualites","10":"tag-crime","11":"tag-delit-et-contravention","12":"tag-edition-nancy-et-agglomeration","13":"tag-eu","14":"tag-europe","15":"tag-faits-divers-justice","16":"tag-fr","17":"tag-france","18":"tag-grand-est","19":"tag-meurthe-et-moselle","20":"tag-nancy","21":"tag-nancy-ville-54b","22":"tag-news","23":"tag-republique-francaise"},"share_on_mastodon":{"url":"https:\/\/pubeurope.com\/@fr\/115062429827375589","error":""},"_links":{"self":[{"href":"https:\/\/www.europesays.com\/fr\/wp-json\/wp\/v2\/posts\/332151","targetHints":{"allow":["GET"]}}],"collection":[{"href":"https:\/\/www.europesays.com\/fr\/wp-json\/wp\/v2\/posts"}],"about":[{"href":"https:\/\/www.europesays.com\/fr\/wp-json\/wp\/v2\/types\/post"}],"author":[{"embeddable":true,"href":"https:\/\/www.europesays.com\/fr\/wp-json\/wp\/v2\/users\/2"}],"replies":[{"embeddable":true,"href":"https:\/\/www.europesays.com\/fr\/wp-json\/wp\/v2\/comments?post=332151"}],"version-history":[{"count":0,"href":"https:\/\/www.europesays.com\/fr\/wp-json\/wp\/v2\/posts\/332151\/revisions"}],"wp:featuredmedia":[{"embeddable":true,"href":"https:\/\/www.europesays.com\/fr\/wp-json\/wp\/v2\/media\/332152"}],"wp:attachment":[{"href":"https:\/\/www.europesays.com\/fr\/wp-json\/wp\/v2\/media?parent=332151"}],"wp:term":[{"taxonomy":"category","embeddable":true,"href":"https:\/\/www.europesays.com\/fr\/wp-json\/wp\/v2\/categories?post=332151"},{"taxonomy":"post_tag","embeddable":true,"href":"https:\/\/www.europesays.com\/fr\/wp-json\/wp\/v2\/tags?post=332151"}],"curies":[{"name":"wp","href":"https:\/\/api.w.org\/{rel}","templated":true}]}}