{"id":332153,"date":"2025-08-20T18:08:26","date_gmt":"2025-08-20T18:08:26","guid":{"rendered":"https:\/\/www.europesays.com\/fr\/332153\/"},"modified":"2025-08-20T18:08:26","modified_gmt":"2025-08-20T18:08:26","slug":"une-nuit-a-la-pep-pour-sinformer","status":"publish","type":"post","link":"https:\/\/www.europesays.com\/fr\/332153\/","title":{"rendered":"une nuit \u00e0 la Pep pour s\u2019informer"},"content":{"rendered":"<p>Depuis quelques ann\u00e9es, les cons\u00e9quences nuisibles de la pollution lumineuse sur les esp\u00e8ces vivantes mobilisent les services environnementaux des collectivit\u00e9s locales.<\/p>\n<p>C\u2019est notamment le cas de la Ville de Nancy, qui s\u2019est rapproch\u00e9e, il y a quelques mois, de l\u2019association Flore 54 pour tenter de d\u00e9gager un certain nombre d\u2019actions, cens\u00e9es sensibiliser le grand public sur la n\u00e9cessit\u00e9 de r\u00e9duire, sinon de modifier l\u2019\u00e9clairage public.<\/p>\n<p>Il y a 4 ans d\u2019ailleurs, la ville de Nancy avait d\u00e9cid\u00e9 de rejoindre le r\u00e9seau des villes et territoires vertueux en mati\u00e8re de gestion de la lumi\u00e8re artificielle nocturne, <a href=\"https:\/\/www.estrepublicain.fr\/environnement\/2021\/06\/22\/une-charte-pour-lutter-contre-la-pollution-lumineuse-urbaine\" target=\"_blank\" rel=\"noopener\">en signant une charte de bonne conduite avec l\u2019Association nationale pour la protection du ciel et de l\u2019environnement nocturnes (ANCPEN)<\/a>.<\/p>\n<p>Par cet acte, Nancy devenait ainsi la deuxi\u00e8me ville fran\u00e7aise de plus de 100\u00a0000 habitants (apr\u00e8s Strasbourg) \u00e0 affirmer sa volont\u00e9 de lutter contre la pollution lumineuse.<\/p>\n<p>  Les nuisances de la lumi\u00e8re artificielle<\/p>\n<p><a href=\"https:\/\/www.estrepublicain.fr\/culture-loisirs\/2025\/03\/17\/la-pollution-lumineuse-un-enjeu-environnemental-crucial\" target=\"_blank\" rel=\"noopener\">Car les enjeux en termes de sant\u00e9 publique, de biodiversit\u00e9, de bien-\u00eatre de la population, d\u2019\u00e9cologie et d\u2019\u00e9nergie ne sont plus \u00e0 d\u00e9montrer.<\/a><\/p>\n<p>Il est aujourd\u2019hui av\u00e9r\u00e9 que la lumi\u00e8re artificielle trouble les rythmes biologiques, et qu\u2019elle modifie le comportement des esp\u00e8ces. Difficult\u00e9s d\u2019orientation, de d\u00e9placement, perturbations endocriniennes, hormonales et reproductrices\u00a0: les effets sont d\u00e9vastateurs, qu\u2019ils touchent les \u00eatres dits lucifuges (qui fuient la lumi\u00e8re) ou lumifuges (esp\u00e8ces nocturnes vivant dans les anfractuosit\u00e9s, les vases, les berges, le bois mort, le substrat\u2026).<\/p>\n<p>L\u2019\u00eatre humain d\u2019ailleurs n\u2019\u00e9chappe pas non plus aux d\u00e9sagr\u00e9ments caus\u00e9s par la lumi\u00e8re artificielle, qui perturbe son syst\u00e8me endocrinien r\u00e9gulateur du sommeil.<\/p>\n<p>Bref, pour la premi\u00e8re fois, et dans le cadre de la lutte contre la pollution lumineuse, la Ville de Nancy et Flore 54 organisent, le mercredi 27\u00a0ao\u00fbt prochain, au c\u0153ur du parc de la P\u00e9pini\u00e8re, une soir\u00e9e d\u00e9di\u00e9e \u00e0 la d\u00e9couverte de la biodiversit\u00e9 nocturne.<\/p>\n<p>  Sept espaces th\u00e9matiques<\/p>\n<p>Sept espaces th\u00e9matiques et tout autant de partenaires mobilis\u00e9s \u00e0 cette occasion pour vous plonger au c\u0153ur de la nature urbaine.<\/p>\n<p>Flore 54 tout d\u2019abord qui testera vos connaissances avec un quiz. L\u2019association nationale pour la protection du ciel et de l\u2019environnement nocturnes et ses conseils pour r\u00e9duire la pollution lumineuse. Entomo\u2019Logic proposera une initiation \u00e0 l\u2019observation des papillons nocturnes au c\u00f4t\u00e9 de la CPEPESC Lorraine, association sp\u00e9cialiste des chauves-souris. La Soci\u00e9t\u00e9 Lorraine d\u2019Astronomie conviera le public \u00e0 l\u2019observation des plan\u00e8tes\u00a0; l\u2019OPNA (Observation Protection Nature Amphibiens) \u00e0 celle des amphibiens\u00a0; la LPO 54 (Ligue pour la Protection des Oiseaux) enfin \u00e0 la d\u00e9couverte des rapaces et autres oiseaux nocturnes.<\/p>\n<p>En compl\u00e9ment de balades guid\u00e9es dans le parc \u00e0 la tomb\u00e9e de la nuit, Didier &amp; Teddy Bracard d\u00e9voileront les dessous de la photographie animali\u00e8re.<\/p>\n<p class=\"note\">Rendez-vous au parc de la P\u00e9pini\u00e8re \u00e0 proximit\u00e9 de l\u2019Espace animalier entre 20\u00a0h et minuit. Acc\u00e8s libre et gratuit<\/p>\n","protected":false},"excerpt":{"rendered":"Depuis quelques ann\u00e9es, les cons\u00e9quences nuisibles de la pollution lumineuse sur les esp\u00e8ces vivantes mobilisent les services environnementaux&hellip;\n","protected":false},"author":2,"featured_media":332154,"comment_status":"","ping_status":"","sticky":false,"template":"","format":"standard","meta":{"footnotes":""},"categories":[9635],"tags":[1111,11,1707,1704,1706,1705,436,1777,674,1011,27,775,1702,1703,12,25],"class_list":{"0":"post-332153","1":"post","2":"type-post","3":"status-publish","4":"format-standard","5":"has-post-thumbnail","7":"category-nancy","8":"tag-actu","9":"tag-actualites","10":"tag-edition-luneville","11":"tag-edition-nancy-et-agglomeration","12":"tag-edition-pont-a-mousson","13":"tag-edition-toul","14":"tag-environnement","15":"tag-eu","16":"tag-europe","17":"tag-fr","18":"tag-france","19":"tag-grand-est","20":"tag-nancy","21":"tag-nancy-ville-54b","22":"tag-news","23":"tag-republique-francaise"},"share_on_mastodon":{"url":"https:\/\/pubeurope.com\/@fr\/115062433750879105","error":""},"_links":{"self":[{"href":"https:\/\/www.europesays.com\/fr\/wp-json\/wp\/v2\/posts\/332153","targetHints":{"allow":["GET"]}}],"collection":[{"href":"https:\/\/www.europesays.com\/fr\/wp-json\/wp\/v2\/posts"}],"about":[{"href":"https:\/\/www.europesays.com\/fr\/wp-json\/wp\/v2\/types\/post"}],"author":[{"embeddable":true,"href":"https:\/\/www.europesays.com\/fr\/wp-json\/wp\/v2\/users\/2"}],"replies":[{"embeddable":true,"href":"https:\/\/www.europesays.com\/fr\/wp-json\/wp\/v2\/comments?post=332153"}],"version-history":[{"count":0,"href":"https:\/\/www.europesays.com\/fr\/wp-json\/wp\/v2\/posts\/332153\/revisions"}],"wp:featuredmedia":[{"embeddable":true,"href":"https:\/\/www.europesays.com\/fr\/wp-json\/wp\/v2\/media\/332154"}],"wp:attachment":[{"href":"https:\/\/www.europesays.com\/fr\/wp-json\/wp\/v2\/media?parent=332153"}],"wp:term":[{"taxonomy":"category","embeddable":true,"href":"https:\/\/www.europesays.com\/fr\/wp-json\/wp\/v2\/categories?post=332153"},{"taxonomy":"post_tag","embeddable":true,"href":"https:\/\/www.europesays.com\/fr\/wp-json\/wp\/v2\/tags?post=332153"}],"curies":[{"name":"wp","href":"https:\/\/api.w.org\/{rel}","templated":true}]}}