{"id":332155,"date":"2025-08-20T18:09:10","date_gmt":"2025-08-20T18:09:10","guid":{"rendered":"https:\/\/www.europesays.com\/fr\/332155\/"},"modified":"2025-08-20T18:09:10","modified_gmt":"2025-08-20T18:09:10","slug":"toulon-1-500-enfants-accueillis-quotidiennement-dans-les-centres-de-loisirs-toulonnais-durant-les-vacances-dete","status":"publish","type":"post","link":"https:\/\/www.europesays.com\/fr\/332155\/","title":{"rendered":"TOULON : 1 500 enfants accueillis quotidiennement dans les centres de loisirs toulonnais durant les vacances d\u2019\u00e9t\u00e9"},"content":{"rendered":"<p><strong>1 500 enfants accueillis quotidiennement dans les centres de loisirs toulonnais durant les vacances d\u2019\u00e9t\u00e9<\/strong><\/p>\n<p>Jos\u00e9e Massi, maire de Toulon, assistera au spectacle de fin de s\u00e9jour intitul\u00e9 \u00ab Camping Shunshine \u00bb organis\u00e9 par l\u2019accueil de loisirs Saint-Dominique le jeudi 21 ao\u00fbt 2025. \u00c0 l\u2019issue, la premi\u00e8re magistrate ira \u00e0 la rencontre des familles. Les centres a\u00e9r\u00e9s toulonnais fermeront leurs portes le 23 ao\u00fbt prochain. Depuis le 7 juillet, ils ont accueilli quotidiennement 1 500 enfants \u00e2g\u00e9s de 3 \u00e0 12 ans, encadr\u00e9s par plus de 200 animateurs et une dizaine de surveillants de baignade. Ces grandes vacances ont \u00e9t\u00e9 marqu\u00e9es par l\u2019ouverture du centre de loisirs de la Mer. Tous les jours, 48 enfants ont foul\u00e9 le sable de cette 4e structure permanente qui est implant\u00e9e sur les plages du Mourillon.<\/p>\n<p>Une cinquantaine 12 \u2013 17 ans ont particip\u00e9 aux diff\u00e9rentes activit\u00e9s propos\u00e9es par la Ville de Toulon dans les diff\u00e9rentes structures : Saint-Dominique, Strassel et l\u2019accueil jeunes du Las qui fonctionne depuis le 25 f\u00e9vrier dernier.<\/p>\n<p>Durant ces deux mois de grandes vacances, les 19 centres de loisirs ont propos\u00e9 de nombreuses activit\u00e9s aux petits Toulonnais. Adapt\u00e9es \u00e0 chaque tranche d\u2019\u00e2ge, elles ont \u00e9t\u00e9 ax\u00e9es sur l\u2019aventure, le voyage, l\u2019art ou les contes. En plus des animations propos\u00e9es par les animateurs, la commune a fait appel \u00e0 des associations pour des activit\u00e9s sportives et culturelles.<\/p>\n<p>Un bilan de la fr\u00e9quentation des centres de loisirs toulonnais et des activit\u00e9s qu\u2019ils ont propos\u00e9s durant ces 7 semaines de vacances sera propos\u00e9 par :<br \/>\u2022 Jos\u00e9e MASSI, maire de Toulon<br \/>\u2022 Val\u00e9rie MONDONE, adjointe au maire en charge du P\u00f4le famille<\/p>\n<p>Centre de Loisirs Saint-Dominique<br \/>6, chemin Florian<br \/>83 000 Toulon<\/p>\n","protected":false},"excerpt":{"rendered":"1 500 enfants accueillis quotidiennement dans les centres de loisirs toulonnais durant les vacances d\u2019\u00e9t\u00e9 Jos\u00e9e Massi, maire&hellip;\n","protected":false},"author":2,"featured_media":332156,"comment_status":"","ping_status":"","sticky":false,"template":"","format":"standard","meta":{"footnotes":""},"categories":[9619],"tags":[1111,11,1777,674,1011,27,12,882,25,2310],"class_list":{"0":"post-332155","1":"post","2":"type-post","3":"status-publish","4":"format-standard","5":"has-post-thumbnail","7":"category-toulon","8":"tag-actu","9":"tag-actualites","10":"tag-eu","11":"tag-europe","12":"tag-fr","13":"tag-france","14":"tag-news","15":"tag-provence-alpes-cote-dazur","16":"tag-republique-francaise","17":"tag-toulon"},"share_on_mastodon":{"url":"https:\/\/pubeurope.com\/@fr\/115062437744776756","error":""},"_links":{"self":[{"href":"https:\/\/www.europesays.com\/fr\/wp-json\/wp\/v2\/posts\/332155","targetHints":{"allow":["GET"]}}],"collection":[{"href":"https:\/\/www.europesays.com\/fr\/wp-json\/wp\/v2\/posts"}],"about":[{"href":"https:\/\/www.europesays.com\/fr\/wp-json\/wp\/v2\/types\/post"}],"author":[{"embeddable":true,"href":"https:\/\/www.europesays.com\/fr\/wp-json\/wp\/v2\/users\/2"}],"replies":[{"embeddable":true,"href":"https:\/\/www.europesays.com\/fr\/wp-json\/wp\/v2\/comments?post=332155"}],"version-history":[{"count":0,"href":"https:\/\/www.europesays.com\/fr\/wp-json\/wp\/v2\/posts\/332155\/revisions"}],"wp:featuredmedia":[{"embeddable":true,"href":"https:\/\/www.europesays.com\/fr\/wp-json\/wp\/v2\/media\/332156"}],"wp:attachment":[{"href":"https:\/\/www.europesays.com\/fr\/wp-json\/wp\/v2\/media?parent=332155"}],"wp:term":[{"taxonomy":"category","embeddable":true,"href":"https:\/\/www.europesays.com\/fr\/wp-json\/wp\/v2\/categories?post=332155"},{"taxonomy":"post_tag","embeddable":true,"href":"https:\/\/www.europesays.com\/fr\/wp-json\/wp\/v2\/tags?post=332155"}],"curies":[{"name":"wp","href":"https:\/\/api.w.org\/{rel}","templated":true}]}}