{"id":332157,"date":"2025-08-20T18:10:12","date_gmt":"2025-08-20T18:10:12","guid":{"rendered":"https:\/\/www.europesays.com\/fr\/332157\/"},"modified":"2025-08-20T18:10:12","modified_gmt":"2025-08-20T18:10:12","slug":"toulon-biographie-dernest-pignon-ernest","status":"publish","type":"post","link":"https:\/\/www.europesays.com\/fr\/332157\/","title":{"rendered":"TOULON : Biographie d\u2019Ernest Pignon-Ernest"},"content":{"rendered":"<p><strong>En parall\u00e8le de son exposition estivale d\u00e9di\u00e9e au Street-Art, le MAT valorise son propre fonds au sein du cabinet d\u2019arts graphiques, avec une pr\u00e9sentation exceptionnelle d\u2019\u0153uvres de l\u2019artiste Ernest Pignon-Ernest. <\/strong><\/p>\n<p>En repla\u00e7ant le Street-Art dans son contexte historique social et culturel plus large, dont Banksy est le repr\u00e9sentant embl\u00e9matique aujourd\u2019hui, l\u2019exposition retrace les \u00e9tapes de l\u2019\u00e9volution de l\u2019art urbain en commen\u00e7ant par les pionniers de l\u2019\u00e8re des graffitis comme Crash ou Seen, en passant par les repr\u00e9sentants majeurs qui ont port\u00e9 ce mouvement \u00e0 une renomm\u00e9e internationale tels que Keith Haring ou Jean-Michel Basquiat, sans oublier la tr\u00e8s riche sc\u00e8ne fran\u00e7aise avec Blek le Rat, Miss.Tic, G\u00e9rard Zlotykamien, pour arriver \u00e0 une large s\u00e9lection de certains des artistes les plus pertinents de la sc\u00e8ne contemporaine dont JR, Invader, Madame\u2026 Une attention particuli\u00e8re est accord\u00e9e \u00e0 la figure de Banksy, jouant un r\u00f4le important tant dans la sph\u00e8re artistique contemporaine que sociale, devenu un v\u00e9ritable ph\u00e9nom\u00e8ne capable d\u2019affecter et d\u2019impliquer l\u2019opinion publique mondiale. Ses \u0153uvres ont profond\u00e9ment impr\u00e9gn\u00e9 la conscience collective, de telle sorte qu\u2019elles deviennent imm\u00e9diatement identifiables.<\/p>\n<p style=\"font-weight: 400\"><strong>Exposition r\u00e9alis\u00e9e en coproduction avec 24 Ore Cultura (Milan).<\/strong><\/p>\n<p style=\"font-weight: 400\">Commissariat\u00a0: Patrizia Cattaneo, historienne de l\u2019art sp\u00e9cialiste du Street-Art \u2013 Brigitte Gaillard, conservatrice en chef des mus\u00e9es de Toulon.<\/p>\n<p style=\"font-weight: 400\"><strong>Exposition jusqu\u2019au 5 octobre 2025<\/strong><\/p>\n<p style=\"font-weight: 400\"><strong>\u00a0<\/strong><strong>Mus\u00e9e d\u2019Art de Toulon<\/strong><\/p>\n<p style=\"font-weight: 400\">113 bd G\u00e9n\u00e9ral Leclerc \u2013\u00a0<a href=\"https:\/\/www.google.com\/search?q=t%C3%A9l+mus%C3%A9e+d%27art+toulon&amp;rlz=1C1GCEU_frFR1113FR1113&amp;oq=t%C3%A9l+mus%C3%A9e+d%27art+toulon&amp;gs_lcrp=EgZjaHJvbWUyBggAEEUYOTIICAEQABgWGB4yCggCEAAYChgWGB4yCggDEAAYChgWGB4yCggEEAAYogQYiQUyCggFEAAYogQYiQXSAQgzNTY1ajBqNKgCALACAQ&amp;sourceid=chrome&amp;ie=UTF-8\" data-saferedirecturl=\"https:\/\/www.google.com\/url?q=https:\/\/www.google.com\/search?q%3Dt%25C3%25A9l%2Bmus%25C3%25A9e%2Bd%2527art%2Btoulon%26rlz%3D1C1GCEU_frFR1113FR1113%26oq%3Dt%25C3%25A9l%2Bmus%25C3%25A9e%2Bd%2527art%2Btoulon%26gs_lcrp%3DEgZjaHJvbWUyBggAEEUYOTIICAEQABgWGB4yCggCEAAYChgWGB4yCggDEAAYChgWGB4yCggEEAAYogQYiQUyCggFEAAYogQYiQXSAQgzNTY1ajBqNKgCALACAQ%26sourceid%3Dchrome%26ie%3DUTF-8&amp;source=gmail&amp;ust=1755599000688000&amp;usg=AOvVaw1qAyh68_NVKNk7WGWuB_j0\" rel=\"nofollow noopener\" target=\"_blank\">04 94 36 81 15<\/a><\/p>\n<p style=\"font-weight: 400\">Du mardi au dimanche de 12h \u00e0 18h<\/p>\n<p style=\"font-weight: 400\">Ferm\u00e9 le lundi, les 14 juillet et 15 ao\u00fbt<\/p>\n<p style=\"font-weight: 400\"><strong>Plein tarif :<\/strong> 7 \u20ac, Tarif r\u00e9duit : 4 \u20ac (groupes adultes \u00e0 partir de 10 personnes, \u00e9tudiants de plus de 26 ans, membres d\u2019associations d\u2019amis de mus\u00e9es, plus de 65 ans et familles nombreuses).<\/p>\n<p>Pionnier d\u2019une forme d\u2019art urbain, Ernest Pignon-Ernest est fondamental dans la compr\u00e9hension des \u00e9volutions plastiques de la seconde moiti\u00e9 du XXe si\u00e8cle.<\/p>\n<p>En parall\u00e8le de son exposition estivale d\u00e9di\u00e9e au Street-Art, le MAT valorise son propre fonds au sein du cabinet d\u2019arts graphiques, avec une pr\u00e9sentation exceptionnelle d\u2019\u0153uvres de l\u2019artiste Ernest Pignon-Ernest. Pionnier d\u2019une forme d\u2019art urbain, Ernest Pignon-Ernest est fondamental dans la compr\u00e9hension des \u00e9volutions plastiques de la seconde moiti\u00e9 du XXe si\u00e8cle. Sa pratique de plusieurs d\u00e9cennies investit la rue dans un art du quotidien \u2013 m\u00fbrement r\u00e9fl\u00e9chi en atelier \u2013 qui questionne et interpelle les passants. Son travail, iconis\u00e9 et repris par des g\u00e9n\u00e9rations suivantes d\u2019artistes, est embl\u00e9matique du futur d\u00e9veloppement du street art, notamment dans sa volont\u00e9 signifiante de lier l\u2019espace et l\u2019\u0153uvre qui y est inscrite.<\/p>\n<p>Ernest Pignon-Ernest, Cent ans apr\u00e8s Rodin \u2013 Calais, 1975, photographie, collection du MAT cr\u00e9dits droits r\u00e9serv\u00e9s<\/p>\n<p>Artiste engag\u00e9, pr\u00e9curseur d\u2019un investissement de la rue, Ernest Pignon-Ernest na\u00eet en 1942 \u00e0 Nice. Si son go\u00fbt artistique est n\u00e9 pr\u00e9cocement, c\u2019est \u00e0 partir des ann\u00e9es 1960 qu\u2019il d\u00e9veloppe son art singulier. Sa premi\u00e8re intervention a lieu sur le plateau d\u2019Albion en 1966 en d\u00e9nonciation de l\u2019installation d\u2019une base militaire \u00e0 port\u00e9e nucl\u00e9aire. \u00c0 la suite, le choix des lieux, comme des sujets restent intrins\u00e8quement li\u00e9s \u00e0 sa technique. Artisan du dessin, c\u2019est au fil d\u2019un long travail de recherche effectu\u00e9 en atelier que Pignon-Ernest r\u00e9alise des s\u00e9rigraphies, imprim\u00e9es sur un papier fin qui adh\u00e8re jusqu\u2019\u00e0 ne faire qu\u2019un avec les murs de la ville. Ses th\u00e9matiques sont tout autant historiques : anniversaire du centenaire de la Commune (1971), que d\u2019une actualit\u00e9 d\u00e9rangeante : la d\u00e9nonciation du jumelage entre Nice et Cape Town, alors sous r\u00e9gime de l\u2019apartheid (1974), la place des immigr\u00e9s lors de collages \u00e0 Avignon et \u00e0 Calais (1975). Install\u00e9es dans l\u2019environnement quotidien, ses \u0153uvres interrogent de mani\u00e8re imm\u00e9diate et po\u00e9tique les passants. Pignon-Ernest est \u00e9galement mondialement connu, notamment pour la r\u00e9alisation de portraits iconiques, mettant en sc\u00e8ne des auteurs majeurs comme Ma\u00efakovski (1972), Rimbaud (1978), Pasolini (1980) \u2026 Il poursuit encore \u00e0 l\u2019heure actuelle ses exp\u00e9rimentations, et fait l\u2019objet de nombreuses expositions c\u00e9l\u00e9brant son travail. Les \u0153uvres conserv\u00e9es par le MAT se font l\u2019\u00e9cho de cette longue carri\u00e8re artistique, ambitieuse, toujours renouvel\u00e9e et inspiratrice de nombreux artistes contemporains de l\u2019art urbain.<\/p>\n<p><strong>Source : Au mus\u00e9e d\u2019Art, exposition Banksy.<\/strong><\/p>\n","protected":false},"excerpt":{"rendered":"En parall\u00e8le de son exposition estivale d\u00e9di\u00e9e au Street-Art, le MAT valorise son propre fonds au sein du&hellip;\n","protected":false},"author":2,"featured_media":331423,"comment_status":"","ping_status":"","sticky":false,"template":"","format":"standard","meta":{"footnotes":""},"categories":[9619],"tags":[1111,11,1777,674,1011,27,12,882,25,2310],"class_list":{"0":"post-332157","1":"post","2":"type-post","3":"status-publish","4":"format-standard","5":"has-post-thumbnail","7":"category-toulon","8":"tag-actu","9":"tag-actualites","10":"tag-eu","11":"tag-europe","12":"tag-fr","13":"tag-france","14":"tag-news","15":"tag-provence-alpes-cote-dazur","16":"tag-republique-francaise","17":"tag-toulon"},"share_on_mastodon":{"url":"https:\/\/pubeurope.com\/@fr\/115062441624566199","error":""},"_links":{"self":[{"href":"https:\/\/www.europesays.com\/fr\/wp-json\/wp\/v2\/posts\/332157","targetHints":{"allow":["GET"]}}],"collection":[{"href":"https:\/\/www.europesays.com\/fr\/wp-json\/wp\/v2\/posts"}],"about":[{"href":"https:\/\/www.europesays.com\/fr\/wp-json\/wp\/v2\/types\/post"}],"author":[{"embeddable":true,"href":"https:\/\/www.europesays.com\/fr\/wp-json\/wp\/v2\/users\/2"}],"replies":[{"embeddable":true,"href":"https:\/\/www.europesays.com\/fr\/wp-json\/wp\/v2\/comments?post=332157"}],"version-history":[{"count":0,"href":"https:\/\/www.europesays.com\/fr\/wp-json\/wp\/v2\/posts\/332157\/revisions"}],"wp:featuredmedia":[{"embeddable":true,"href":"https:\/\/www.europesays.com\/fr\/wp-json\/wp\/v2\/media\/331423"}],"wp:attachment":[{"href":"https:\/\/www.europesays.com\/fr\/wp-json\/wp\/v2\/media?parent=332157"}],"wp:term":[{"taxonomy":"category","embeddable":true,"href":"https:\/\/www.europesays.com\/fr\/wp-json\/wp\/v2\/categories?post=332157"},{"taxonomy":"post_tag","embeddable":true,"href":"https:\/\/www.europesays.com\/fr\/wp-json\/wp\/v2\/tags?post=332157"}],"curies":[{"name":"wp","href":"https:\/\/api.w.org\/{rel}","templated":true}]}}