{"id":332158,"date":"2025-08-20T18:11:17","date_gmt":"2025-08-20T18:11:17","guid":{"rendered":"https:\/\/www.europesays.com\/fr\/332158\/"},"modified":"2025-08-20T18:11:17","modified_gmt":"2025-08-20T18:11:17","slug":"traque-au-pyromane-apres-des-feux-de-vegetation","status":"publish","type":"post","link":"https:\/\/www.europesays.com\/fr\/332158\/","title":{"rendered":"traque au pyromane apr\u00e8s des feux de v\u00e9g\u00e9tation"},"content":{"rendered":"<p>            Par<br \/>\n        <strong><br \/>\n            <a href=\"https:\/\/actu.fr\/auteur\/jm-aubert\" title=\"Consulter tous les articles de Jean-Marc Aubert\" rel=\"nofollow noopener\" target=\"_blank\">Jean-Marc Aubert<\/a><br \/>\n        <\/strong><\/p>\n<p>        Publi\u00e9 le<\/p>\n<p>            20 ao\u00fbt 2025 \u00e0 10h27        <\/p>\n<p>Depuis d\u00e9but juillet dernier, des <strong>feux de v\u00e9g\u00e9tation<\/strong> en s\u00e9rie ont \u00e9clat\u00e9 dans le quartier de Saint-Sauveur, \u00e0 la p\u00e9riph\u00e9rie nord de<strong> Saint-Cl\u00e9ment-de-Rivi\u00e8re<\/strong>. Un <strong>pyromane<\/strong> est traqu\u00e9.<\/p>\n<p class=\" wall-content\">L\u2019origine \u00a0criminelle du dernier incendie en date ne para\u00eet faire aucun doute pour les <strong>gendarmes<\/strong> de la compagnie de Castelnau-le-Lez : en, effet, les sapeurs-pompiers du <strong>Sdis 34<\/strong> ont \u00e9t\u00e9 appel\u00e9s ce dimanche 17 ao\u00fbt 2025, \u00e0 23h45 pour combattre un feu de broussailles hautes dans le bois de Saint-Sauveur, \u00e0 proximit\u00e9 des cliniques, sur la route des Matelles, dans la commune de Saint-Cl\u00e9ment-de-Rivi\u00e8re, au Nord de Montpellier.<\/p>\n<p>    <a href=\"https:\/\/www.google.com\/maps\/embed?pb=!1m18!1m12!1m3!1d3701.5404063091037!2d3.831035695156801!3d43.70829191949201!2m3!1f0!2f0!3f0!3m2!1i1024!2i768!4f13.1!3m3!1m2!1s0x12b6a9f2b8f1c563%3A0xb9c355c94cf1227b!2sBois%20de%20Saint-Sauveur!5e0!3m2!1sfr!2sfr!4v1755675285598!5m2!1sfr!2sfr\" title=\"Ouvrie le lien\" rel=\"nofollow noopener\" target=\"_blank\">Cliquez ici pour visualiser le contenu<\/a><\/p>\n<p class=\" wall-content\">\u00ab\u00a0Un feu qui d\u00e9marre la nuit, m\u00eame s\u2019il fait 20 ou 23\u00b0 ne provient pas d\u2019un jet de m\u00e9got, c\u2019est un geste intentionnel\u00a0\u00bb, analyse un officier du Sdis 34 sollicit\u00e9 par <strong>M\u00e9tropolitain<\/strong>, qui confirme que les sapeurs-pompiers sont d\u00e9j\u00e0 intervenus plusieurs fois depuis l\u2019\u00e9t\u00e9 dans cette zone bois\u00e9e de Saint-Sauveur, tr\u00e8s fr\u00e9quent\u00e9e par les promeneurs et les joggeurs. En juillet, un de ces incendies a calcin\u00e9 entre <strong>3 et 4 hectares de pin\u00e8de<\/strong> et de garrigue et les bombardiers d\u2019eau de la S\u00e9curit\u00e9 civile avaient \u00e9t\u00e9 engag\u00e9s.<\/p>\n<p class=\" wall-content\">Celui de dimanche soir n\u2019a parcouru que 2 000m2 de surface, mais les flammes se sont propag\u00e9es \u00e0 une voiture qui \u00e9tait en stationnement sur le grand parking du bois de Saint-Sauveur, avant l\u2019arriv\u00e9e des pompiers. L\u2019hypoth\u00e8se d\u2019un feu de camp ou d\u2019un barbecue dans la for\u00eat est exclue, aucune fum\u00e9e suspecte n\u2019ayant \u00e9t\u00e9 d\u00e9tect\u00e9e, avant celle du d\u00e9part de feu en lisi\u00e8re. Les b\u00e9n\u00e9voles du <strong>Comit\u00e9 communal feux de for\u00eat<\/strong> -CCFF- de la commune effectue des surveillances et des patrouilles r\u00e9guli\u00e8rement.<\/p>\n<p>Vid\u00e9os : en ce moment sur Actu<\/p>\n<p class=\" wall-content\">Des feux de v\u00e9g\u00e9tation rapproch\u00e9s \u00e0 r\u00e9p\u00e9tition dans un m\u00eame secteur bois\u00e9 qui laissent penser aux casques et aux gendarmes, notamment ceux de la brigade territoriale autonome de Saint-G\u00e9ly-du-Fesc qu\u2019ils sont volontaires. Mais pourquoi ? La traque au pyromane est engag\u00e9e.<\/p>\n<p class=\" wall-content\">Personnalisez votre actualit\u00e9 en ajoutant vos villes et m\u00e9dias en favori avec <a href=\"https:\/\/moncompte.actu.fr\" title=\"D\u00e9couvez Mon Actu\" rel=\"nofollow noopener\" data-trk=\"{&quot;cta&quot;:{&quot;action&quot;:&quot;https:\\\/\\\/moncompte.actu.fr&quot;,&quot;category&quot;:&quot;mon compte&quot;,&quot;from&quot;:&quot;article footer&quot;,&quot;name&quot;:&quot;Mon actu&quot;,&quot;type&quot;:&quot;cta&quot;}}\" target=\"_blank\">Mon Actu<\/a>.<\/p>\n","protected":false},"excerpt":{"rendered":"Par Jean-Marc Aubert Publi\u00e9 le 20 ao\u00fbt 2025 \u00e0 10h27 Depuis d\u00e9but juillet dernier, des feux de v\u00e9g\u00e9tation&hellip;\n","protected":false},"author":2,"featured_media":332159,"comment_status":"","ping_status":"","sticky":false,"template":"","format":"standard","meta":{"footnotes":""},"categories":[9599],"tags":[1111,11,1777,674,118,1011,27,3381,1310,2208,12,2680,1311,25],"class_list":{"0":"post-332158","1":"post","2":"type-post","3":"status-publish","4":"format-standard","5":"has-post-thumbnail","7":"category-montpellier","8":"tag-actu","9":"tag-actualites","10":"tag-eu","11":"tag-europe","12":"tag-faits-divers","13":"tag-fr","14":"tag-france","15":"tag-gendarmerie","16":"tag-incendie","17":"tag-montpellier","18":"tag-news","19":"tag-occitanie","20":"tag-pompiers","21":"tag-republique-francaise"},"share_on_mastodon":{"url":"https:\/\/pubeurope.com\/@fr\/115062445692564360","error":""},"_links":{"self":[{"href":"https:\/\/www.europesays.com\/fr\/wp-json\/wp\/v2\/posts\/332158","targetHints":{"allow":["GET"]}}],"collection":[{"href":"https:\/\/www.europesays.com\/fr\/wp-json\/wp\/v2\/posts"}],"about":[{"href":"https:\/\/www.europesays.com\/fr\/wp-json\/wp\/v2\/types\/post"}],"author":[{"embeddable":true,"href":"https:\/\/www.europesays.com\/fr\/wp-json\/wp\/v2\/users\/2"}],"replies":[{"embeddable":true,"href":"https:\/\/www.europesays.com\/fr\/wp-json\/wp\/v2\/comments?post=332158"}],"version-history":[{"count":0,"href":"https:\/\/www.europesays.com\/fr\/wp-json\/wp\/v2\/posts\/332158\/revisions"}],"wp:featuredmedia":[{"embeddable":true,"href":"https:\/\/www.europesays.com\/fr\/wp-json\/wp\/v2\/media\/332159"}],"wp:attachment":[{"href":"https:\/\/www.europesays.com\/fr\/wp-json\/wp\/v2\/media?parent=332158"}],"wp:term":[{"taxonomy":"category","embeddable":true,"href":"https:\/\/www.europesays.com\/fr\/wp-json\/wp\/v2\/categories?post=332158"},{"taxonomy":"post_tag","embeddable":true,"href":"https:\/\/www.europesays.com\/fr\/wp-json\/wp\/v2\/tags?post=332158"}],"curies":[{"name":"wp","href":"https:\/\/api.w.org\/{rel}","templated":true}]}}