{"id":332160,"date":"2025-08-20T18:12:15","date_gmt":"2025-08-20T18:12:15","guid":{"rendered":"https:\/\/www.europesays.com\/fr\/332160\/"},"modified":"2025-08-20T18:12:15","modified_gmt":"2025-08-20T18:12:15","slug":"le-mans-mhsc-quand-lors-des-saisons-precedentes-vous-travaillez-aussi-peu-le-physique-refait-debat-a-montpellier","status":"publish","type":"post","link":"https:\/\/www.europesays.com\/fr\/332160\/","title":{"rendered":"Le\u00a0Mans \u2013 MHSC\u00a0: \u00ab\u00a0Quand lors des saisons pr\u00e9c\u00e9dentes, vous travaillez aussi peu\u2026\u00a0\u00bb, le physique refait d\u00e9bat \u00e0 Montpellier"},"content":{"rendered":"<p>\n                                                                Des joueurs montpelli\u00e9rains sont apparus \u00e0 court de condition lors des deux premiers matches.\n                            <\/p>\n<p>On avait dit que la forme ou les formes des Montpelli\u00e9rains seraient particuli\u00e8rement scrut\u00e9es cette saison. On ne croyait pas que le d\u00e9bat arriverait aussi vite sur la table.<\/p>\n<p>Contrairement \u00e0 la saison derni\u00e8re, on ne peut pas dire que les Montpelli\u00e9rains ne sont pas aff\u00fbt\u00e9s et ne travaillent pas. La question pourrait m\u00eame \u00eatre\u00a0: Est-ce qu\u2019ils ne se pr\u00e9parent pas trop\u00a0? On l\u2019avait vu contre le Red Star, \u00e7a s\u2019est reproduit au\u00a0Mans o\u00f9 l\u2019heure de jeu \u00e0 peine pass\u00e9e, Becir Omeragic a commenc\u00e9 \u00e0 ressentir des crampes. Th\u00e9o Sainte-Luce \u00e9tait pris des m\u00eames douleurs, quelques minutes apr\u00e8s, tout comme en fin de match Nafouel El Hannach et m\u00eame\u2026 le gardien Simon Ngapandouetnbu.<\/p>\n<blockquote>\n<p>\u00ab\u00a0Il y a des joueurs qui tombaient comme s\u2019ils se faisaient tirer dessus, dans la jambe\u00a0\u00bb<\/p>\n<\/blockquote>\n<p>\u00ab\u00a0Il y a des joueurs qui tombaient comme s\u2019ils se faisaient tirer dessus, dans la jambe\u00a0\u00bb, a imag\u00e9 leur entra\u00eeneur Zoumana Camara aupr\u00e8s du diffuseur apr\u00e8s le match. Qui y a vu une conjonction de plusieurs \u00e9l\u00e9ments. \u00ab\u00a0Je pense que l\u2019aspect \u00e9motionnel peut jouer. C\u2019est une \u00e9quipe qui n\u2019a gagn\u00e9 que quatre matches et n\u2019a pris que 16 points la saison derni\u00e8re. Du coup, peut-\u00eatre que nerveusement, \u00e7a peut impacter sur les jambes.\u00a0\u00bb<\/p>\n<p>Pour le coach montpelli\u00e9rain, les racines de ce mal sont peut-\u00eatre aussi plus profondes ou lointaines. \u00ab\u00a0Quand lors des saisons pr\u00e9c\u00e9dentes, vous travaillez aussi peu, le manque, il est aussi l\u00e0. Et sans incriminer les entra\u00eeneurs pr\u00e9c\u00e9dents, mais peut-\u00eatre \u00e0 un moment donn\u00e9, il y a eu un laisser-aller. Pour combler tout \u00e7a, ce n\u2019est pas un \u00e9t\u00e9 ou une pr\u00e9paration qui suffisent\u00a0\u00bb, a-t-il assur\u00e9 au micro de BeIN SPORTS. Tout en assumant qu\u2019il \u00ab\u00a0fallait en passer par l\u00e0\u00a0\u00bb.<\/p>\n<p>Par l\u00e0, c\u2019est-\u00e0-dire une pr\u00e9paration physique qui va leur permettre de tenir toute la saison. Ce que r\u00e9p\u00e8te Zoumana Camara depuis la reprise et que Micka\u00ebl Simao, le nouveau pr\u00e9parateur, nous avait confi\u00e9. \u00ab\u00a0On veut monter en puissance tout en \u00e9tant pr\u00eat d\u00e8s la premi\u00e8re journ\u00e9e.\u00a0\u00bb<\/p>\n<p>Alexandre Mendy a su s\u2019arracher \u00e0 la 90e +\u00a09<\/p>\n<p>Certains le sont, d\u2019autres pas encore. Alexandre Mendy a su s\u2019arracher \u00e0 la 90e +\u00a09 pour offrir le but de la victoire \u00e0 Junior Ndiaye, preuve qu\u2019il avait encore des jambes. Pour expliquer certaines d\u00e9faillances, on peut s\u2019attarder sur les profils. Becir Omeragic est \u00e0 la base un d\u00e9fenseur central et les efforts consentis au milieu de terrain ne sont pas les m\u00eames. Th\u00e9o Sainte-Luce a d\u00fb multiplier les courses comme piston et a collectionn\u00e9 les blessures ces derni\u00e8res ann\u00e9es. Il faut remonter en 2021-2022 pour le voir jouer plus de vingt matches dans une saison.<\/p>\n<p>Quant \u00e0 Simon Ngapandouetnbu, \u00ab\u00a0il ne s\u2019entra\u00eenait pas avec l\u2019\u00e9quipe premi\u00e8re. Et \u00e0 ce niveau-l\u00e0, \u00e7a ne pardonne pas. Des entra\u00eenements peut-\u00eatre avec beaucoup moins d\u2019intensit\u00e9. Il y a encore beaucoup de travail pour que physiquement, il soit pr\u00eat\u00a0\u00bb, soulignait \u201cPapus\u201d Camara apr\u00e8s la rencontre.<\/p>\n<\/p>\n<p>                    <img decoding=\"async\" class=\"responsive-img\" src=\"https:\/\/www.europesays.com\/fr\/wp-content\/uploads\/2025\/08\/1755582857_434_hqdefault.jpg\"\/><br \/>\n                <a class=\"stretched-link\" href=\"#paywall\" rel=\"js-anchor\"><\/p>\n<p>        <\/a><\/p>\n<p>Avec \u00e0 peine cinq jours de r\u00e9cup\u00e9ration avant le match de Troyes, samedi, on verra comment ses joueurs r\u00e9pondront physiquement dans l\u2019Aube.<\/p>\n","protected":false},"excerpt":{"rendered":"Des joueurs montpelli\u00e9rains sont apparus \u00e0 court de condition lors des deux premiers matches. On avait dit que&hellip;\n","protected":false},"author":2,"featured_media":332161,"comment_status":"","ping_status":"","sticky":false,"template":"","format":"standard","meta":{"footnotes":""},"categories":[9599],"tags":[1111,11,1777,674,1011,27,2208,12,2680,25],"class_list":{"0":"post-332160","1":"post","2":"type-post","3":"status-publish","4":"format-standard","5":"has-post-thumbnail","7":"category-montpellier","8":"tag-actu","9":"tag-actualites","10":"tag-eu","11":"tag-europe","12":"tag-fr","13":"tag-france","14":"tag-montpellier","15":"tag-news","16":"tag-occitanie","17":"tag-republique-francaise"},"share_on_mastodon":{"url":"https:\/\/pubeurope.com\/@fr\/115062449336328894","error":""},"_links":{"self":[{"href":"https:\/\/www.europesays.com\/fr\/wp-json\/wp\/v2\/posts\/332160","targetHints":{"allow":["GET"]}}],"collection":[{"href":"https:\/\/www.europesays.com\/fr\/wp-json\/wp\/v2\/posts"}],"about":[{"href":"https:\/\/www.europesays.com\/fr\/wp-json\/wp\/v2\/types\/post"}],"author":[{"embeddable":true,"href":"https:\/\/www.europesays.com\/fr\/wp-json\/wp\/v2\/users\/2"}],"replies":[{"embeddable":true,"href":"https:\/\/www.europesays.com\/fr\/wp-json\/wp\/v2\/comments?post=332160"}],"version-history":[{"count":0,"href":"https:\/\/www.europesays.com\/fr\/wp-json\/wp\/v2\/posts\/332160\/revisions"}],"wp:featuredmedia":[{"embeddable":true,"href":"https:\/\/www.europesays.com\/fr\/wp-json\/wp\/v2\/media\/332161"}],"wp:attachment":[{"href":"https:\/\/www.europesays.com\/fr\/wp-json\/wp\/v2\/media?parent=332160"}],"wp:term":[{"taxonomy":"category","embeddable":true,"href":"https:\/\/www.europesays.com\/fr\/wp-json\/wp\/v2\/categories?post=332160"},{"taxonomy":"post_tag","embeddable":true,"href":"https:\/\/www.europesays.com\/fr\/wp-json\/wp\/v2\/tags?post=332160"}],"curies":[{"name":"wp","href":"https:\/\/api.w.org\/{rel}","templated":true}]}}