{"id":332166,"date":"2025-08-20T18:19:08","date_gmt":"2025-08-20T18:19:08","guid":{"rendered":"https:\/\/www.europesays.com\/fr\/332166\/"},"modified":"2025-08-20T18:19:08","modified_gmt":"2025-08-20T18:19:08","slug":"a-rennes-ce-point-de-deal-bien-connu-a-deja-ete-ensanglante-a-plusieurs-reprises-ouest-france","status":"publish","type":"post","link":"https:\/\/www.europesays.com\/fr\/332166\/","title":{"rendered":"\u00c0 Rennes, ce point de deal, bien connu, a d\u00e9j\u00e0 \u00e9t\u00e9 ensanglant\u00e9 \u00e0 plusieurs reprises &#8211; Ouest-France"},"content":{"rendered":"<ol>\n<li><a href=\"https:\/\/news.google.com\/rss\/articles\/CBMi-wFBVV95cUxPUHVZdC10aVYyUGRuM0FfeE1yLU1nUFJVbWoyOFhMdlY1ZTZxbWdNcVlyczdTdktJNzhiQ3FWcHBPVFJxeUdzbzRRLVhKeFAyUkxzTDAzeWhhd3diVlhMckJLdW85WDlaVTNoeFBOdTQ1RG5FSXpLTXFzWEkyQUtzdzBQaDFMaWk2THFCTmw3cjl6SzVSWlBIbTlRVUZBcFZJeDBrOUxRb2N0NmloZHBUbGg4M1dhUk9HWkZJa3MxVHhGOGFoTnB1YldiZ1dWNi1sRlF1Sm8zZnhkNEdqSTRUSndXSmpKcWQyQ1J4UzRjVWNveUYtY2NEazVIOA?oc=5\" target=\"_blank\" rel=\"nofollow noopener\">\u00c0 Rennes, ce point de deal, bien connu, a d\u00e9j\u00e0 \u00e9t\u00e9 ensanglant\u00e9 \u00e0 plusieurs reprises<\/a>&nbsp;&nbsp;Ouest-France<\/li>\n<li><a href=\"https:\/\/news.google.com\/rss\/articles\/CBMi7wFBVV95cUxPdkhmenAtMzlzYzl0blFyWDdfbHo2WERKaVZVT3RPX0J1b2l5WmswMEFwcU11V2JlVDVvcUpueDBJSzBPaldfOGpsbHU4NUF0bXh0cXR3d3RPZnEyYXUyT3J1TzBMVlR5aXIwUXZkbGVic1ZfZTc0NDlud3I5cjREejVmWE0zanVPT1JBQUtBcEk4eF9yb2RxRm5ITkZ0TG9PZFN1bktCYTVuM0xPR3pmTUs5WDdDUTNuQW5pQUZOdnlhOHdsSU5iMUlDWTBtMXJlZHRBSmdCZUdtajE0ZWNqM1FFZDJubWFuVVR2aHZnbw?oc=5\" target=\"_blank\" rel=\"nofollow noopener\">\u00ab\u00a0Tue le, tue le\u00a0\u00bb : un homme de 21 ans poignard\u00e9 \u00e0 plusieurs reprises aux jambes et \u00e0 la poitrine, que s\u2019est-il pass\u00e9<\/a>&nbsp;&nbsp;Midi Libre<\/li>\n<li><a href=\"https:\/\/news.google.com\/rss\/articles\/CBMi8wFBVV95cUxNU2VwYVFocUxxS2NPS1Vudm9lUWtkQU5qcnprQWtnQy1zYzV3cFNlLXpXbTRNaUU4Y2xTMU9ZRVZYUVVvanFnUDlxaUhUa1RsY0xLSmJDOHFsN0pLT1NuQm1XMlFnaE5xVXhhVEJsS3hyOG9ZOHI5cWpaR1JRRWlpejBCNW94cjRVRWszVG5zaEFxZkF2bVcyNXo2SmltY1UwY243T3Y2S1hsRmtib0dXMTlXeF9nek1vQzBDYWtjdkxIbFJ3RVY0OUJEU25yZUtoZ3ZxWHloUGhZNE5LTU93bFl5SklQRFlENU53NmQ5UUwzc3M?oc=5\" target=\"_blank\" rel=\"nofollow noopener\">Un homme de 25 ans tu\u00e9 au couteau ce vendredi 15 ao\u00fbt 2025 dans le quartier de Maurepas \u00e0 Rennes<\/a>&nbsp;&nbsp;Maville<\/li>\n<li><a href=\"https:\/\/news.google.com\/rss\/articles\/CBMi2wFBVV95cUxQOVJWYUlJTVhzempxemJpNkhKaXVsdkxkSzd1TkpqLThBT09BRmcyVWxhVXpzNUNLLXJMT2hmU1BoSkl5czUwaHE0N0M3MGlRaWg1U0ZsX1p0YVpzbzZ6THBTR3VvWkwyOFZ0U0ZTV3FlQmxEMzNyQ3pTYms3YkNUTGhIWWR6UzZYNjZoeHR2TnFlQ1hQR1NPb1Y5RVgwck5lbGJtelhkOV9LYnhES043VG8zZWxDSzZicGxKSzlkeVhhS3FEd29OLWJ3RjBZcHBtU2EyNGEtcFJ0RFk?oc=5\" target=\"_blank\" rel=\"nofollow noopener\">\u00ab Une mare de sang \u00bb : un homme tu\u00e9 par balle en pleine rue \u00e0 Rennes<\/a>&nbsp;&nbsp;Le Parisien<\/li>\n<\/ol>\n","protected":false},"excerpt":{"rendered":"\u00c0 Rennes, ce point de deal, bien connu, a d\u00e9j\u00e0 \u00e9t\u00e9 ensanglant\u00e9 \u00e0 plusieurs reprises&nbsp;&nbsp;Ouest-France \u00ab\u00a0Tue le, tue&hellip;\n","protected":false},"author":2,"featured_media":1445,"comment_status":"","ping_status":"","sticky":false,"template":"","format":"standard","meta":{"footnotes":""},"categories":[2821],"tags":[1111,11,829,1777,674,1011,27,12,584,25],"class_list":{"0":"post-332166","1":"post","2":"type-post","3":"status-publish","4":"format-standard","5":"has-post-thumbnail","7":"category-rennes","8":"tag-actu","9":"tag-actualites","10":"tag-bretagne","11":"tag-eu","12":"tag-europe","13":"tag-fr","14":"tag-france","15":"tag-news","16":"tag-rennes","17":"tag-republique-francaise"},"share_on_mastodon":{"url":"https:\/\/pubeurope.com\/@fr\/115062476815821154","error":""},"_links":{"self":[{"href":"https:\/\/www.europesays.com\/fr\/wp-json\/wp\/v2\/posts\/332166","targetHints":{"allow":["GET"]}}],"collection":[{"href":"https:\/\/www.europesays.com\/fr\/wp-json\/wp\/v2\/posts"}],"about":[{"href":"https:\/\/www.europesays.com\/fr\/wp-json\/wp\/v2\/types\/post"}],"author":[{"embeddable":true,"href":"https:\/\/www.europesays.com\/fr\/wp-json\/wp\/v2\/users\/2"}],"replies":[{"embeddable":true,"href":"https:\/\/www.europesays.com\/fr\/wp-json\/wp\/v2\/comments?post=332166"}],"version-history":[{"count":0,"href":"https:\/\/www.europesays.com\/fr\/wp-json\/wp\/v2\/posts\/332166\/revisions"}],"wp:featuredmedia":[{"embeddable":true,"href":"https:\/\/www.europesays.com\/fr\/wp-json\/wp\/v2\/media\/1445"}],"wp:attachment":[{"href":"https:\/\/www.europesays.com\/fr\/wp-json\/wp\/v2\/media?parent=332166"}],"wp:term":[{"taxonomy":"category","embeddable":true,"href":"https:\/\/www.europesays.com\/fr\/wp-json\/wp\/v2\/categories?post=332166"},{"taxonomy":"post_tag","embeddable":true,"href":"https:\/\/www.europesays.com\/fr\/wp-json\/wp\/v2\/tags?post=332166"}],"curies":[{"name":"wp","href":"https:\/\/api.w.org\/{rel}","templated":true}]}}