{"id":332167,"date":"2025-08-20T18:20:13","date_gmt":"2025-08-20T18:20:13","guid":{"rendered":"https:\/\/www.europesays.com\/fr\/332167\/"},"modified":"2025-08-20T18:20:13","modified_gmt":"2025-08-20T18:20:13","slug":"open-blot-de-rennes-2025-un-plateau-releve-avec-le-suisse-stanislas-wawrinka","status":"publish","type":"post","link":"https:\/\/www.europesays.com\/fr\/332167\/","title":{"rendered":"Open Blot de Rennes\u00a02025 : un plateau relev\u00e9 avec le Suisse Stanislas Wawrinka"},"content":{"rendered":"<p>Open Blot de Rennes, du 8 au 14 septembre 2025<\/p>\n<p>Le plateau de l\u2019<a href=\"https:\/\/www.letelegramme.fr\/sports\/tennis\/lopen-blot-de-tennis-de-rennes-fait-son-retour-a-la-salle-colette-besson-6860796.php\" target=\"_blank\" rel=\"nofollow noopener\">Open Blot de Rennes<\/a> sera encore bien garni cette ann\u00e9e. Le tournoi rennais (Challenger 100) accueillera le Suisse Stanislas Wawrinka, 40 ans. Ancien num\u00e9ro 3 mondial, il a \u00e9galement remport\u00e9 trois titres du Grand Chelem (Open d\u2019Australie 2014, Roland-Garros 2015 et US Open 2016). C\u2019est la premi\u00e8re fois qu\u2019il viendra \u00e0 Rennes. <\/p>\n<p>De nombreux Fran\u00e7ais<\/p>\n<p>Le plateau sera \u00e9galement garni de nombreux joueurs fran\u00e7ais, dont <a href=\"https:\/\/www.letelegramme.fr\/sports\/tennis\/adrian-mannarino-itineraire-atypique-dun-joueur-venu-se-relancer-a-quimper-6745398.php\" target=\"_blank\" rel=\"nofollow noopener\">Adrian Mannarino (N.73)<\/a>, seul joueur du top 100. Hugo Gaston (N.125), Pierre-Hugues Herbert (N.139), Harold Mayot (N.152), Titouan Droguet (N.161), Kyrian Jacquet (N.166), Ugo Blanchet (N.184), Calvin Hemery (N.185), Cl\u00e9ment Chidekh (N.225), Sascha Gueymard Wayenburg (N.208) et Matteo Martineau (N.273) seront aussi pr\u00e9sents, comme Arthur Fery, le fils de Lo\u00efc, pr\u00e9sident du FC Lorient.<\/p>\n","protected":false},"excerpt":{"rendered":"Open Blot de Rennes, du 8 au 14 septembre 2025 Le plateau de l\u2019Open Blot de Rennes sera&hellip;\n","protected":false},"author":2,"featured_media":332168,"comment_status":"","ping_status":"","sticky":false,"template":"","format":"standard","meta":{"footnotes":""},"categories":[2821],"tags":[1111,11,829,765,3166,1777,674,1011,27,12,584,25,60,1467],"class_list":{"0":"post-332167","1":"post","2":"type-post","3":"status-publish","4":"format-standard","5":"has-post-thumbnail","7":"category-rennes","8":"tag-actu","9":"tag-actualites","10":"tag-bretagne","11":"tag-en-continu","12":"tag-en-continu-sports","13":"tag-eu","14":"tag-europe","15":"tag-fr","16":"tag-france","17":"tag-news","18":"tag-rennes","19":"tag-republique-francaise","20":"tag-sports","21":"tag-tennis"},"share_on_mastodon":{"url":"https:\/\/pubeurope.com\/@fr\/115062480766496559","error":""},"_links":{"self":[{"href":"https:\/\/www.europesays.com\/fr\/wp-json\/wp\/v2\/posts\/332167","targetHints":{"allow":["GET"]}}],"collection":[{"href":"https:\/\/www.europesays.com\/fr\/wp-json\/wp\/v2\/posts"}],"about":[{"href":"https:\/\/www.europesays.com\/fr\/wp-json\/wp\/v2\/types\/post"}],"author":[{"embeddable":true,"href":"https:\/\/www.europesays.com\/fr\/wp-json\/wp\/v2\/users\/2"}],"replies":[{"embeddable":true,"href":"https:\/\/www.europesays.com\/fr\/wp-json\/wp\/v2\/comments?post=332167"}],"version-history":[{"count":0,"href":"https:\/\/www.europesays.com\/fr\/wp-json\/wp\/v2\/posts\/332167\/revisions"}],"wp:featuredmedia":[{"embeddable":true,"href":"https:\/\/www.europesays.com\/fr\/wp-json\/wp\/v2\/media\/332168"}],"wp:attachment":[{"href":"https:\/\/www.europesays.com\/fr\/wp-json\/wp\/v2\/media?parent=332167"}],"wp:term":[{"taxonomy":"category","embeddable":true,"href":"https:\/\/www.europesays.com\/fr\/wp-json\/wp\/v2\/categories?post=332167"},{"taxonomy":"post_tag","embeddable":true,"href":"https:\/\/www.europesays.com\/fr\/wp-json\/wp\/v2\/tags?post=332167"}],"curies":[{"name":"wp","href":"https:\/\/api.w.org\/{rel}","templated":true}]}}