{"id":332171,"date":"2025-08-20T18:22:14","date_gmt":"2025-08-20T18:22:14","guid":{"rendered":"https:\/\/www.europesays.com\/fr\/332171\/"},"modified":"2025-08-20T18:22:14","modified_gmt":"2025-08-20T18:22:14","slug":"tarifs-abonnement-trains-les-infos-billetterie-pour-strasbourg","status":"publish","type":"post","link":"https:\/\/www.europesays.com\/fr\/332171\/","title":{"rendered":"Tarifs, abonnement, trains&#8230; Les infos billetterie pour Strasbourg"},"content":{"rendered":"<p>\n                Alors qu\u2019ils ont r\u00e9ussi leur entr\u00e9e dans leur jardin face au Havre, les joueurs de l\u2019AS Monaco ont un deuxi\u00e8me match \u00e0 n\u00e9gocier au Stade Louis-II, le dimanche 29 ao\u00fbt (17h15), face \u00e0 Strasbourg. Une rencontre pour laquelle tu peux r\u00e9server tes places.\n            <\/p>\n<p>Bien terminer le mois d\u2019ao\u00fbt avant la premi\u00e8re tr\u00eave internationale. Forts d\u2019une premi\u00e8re victoire <a href=\"https:\/\/www.asmonaco.com\/applique-face-au-havre-las-monaco-tient-sa-1100e-victoire-en-ligue-1\/\" target=\"_blank\" rel=\"noopener nofollow\">\u00e0 domicile face au Havre<\/a> (3-1), les Rouge et Blanc retrouvent le Stade Louis-II, le dimanche 29 ao\u00fbt prochain (17h15), o\u00f9 ils <a href=\"https:\/\/www.asmonaco.com\/la-date-et-lheure-de-la-reception-de-strasbourg-pour-la-j3-devoilees\/\" target=\"_blank\" rel=\"noopener nofollow\">affrontent le RC Strasbourg<\/a>, formation participant aux barrages de la Ligue Europa Conf\u00e9rence, pour la deuxi\u00e8me journ\u00e9e de Ligue 1 McDonald\u2019s.<\/p>\n<p><a href=\"https:\/\/www.europesays.com\/fr\/wp-content\/uploads\/2025\/08\/2025-08-16-asm-le-havre-00784.jpg\"><img fetchpriority=\"high\" decoding=\"async\" class=\"alignnone size-full wp-image-721403\" src=\"https:\/\/www.europesays.com\/fr\/wp-content\/uploads\/2025\/08\/2025-08-16-asm-le-havre-00784.jpg\" alt=\"\" width=\"1160\" height=\"650\"  \/><\/a><\/p>\n<p>Des places \u00e0 partir de 15\u20ac ! \ud83c\udfdf\ufe0f<\/p>\n<p>Une rencontre pour laquelle tu peux d\u2019ores et d\u00e9j\u00e0 prendre ton s\u00e9same <strong><a href=\"https:\/\/billetterie.asmonaco.com\/fr\/catalogue\/match-foot-masculin-as-monaco-rc-strasbourg-1\" target=\"_blank\" rel=\"noopener nofollow\">sur la billetterie en ligne de l\u2019AS Monaco<\/a><\/strong> ! Alors n\u2019attends pas et profites-en pour vivre ce moment en famille ou entre amis, \u00e0 partir de 15\u20ac en tribune pesage.<\/p>\n<p>D\u2019ailleurs, si tu ne veux rien louper de cet exercice 2025-2026, tu as toujours la possibilit\u00e9 <strong><a href=\"https:\/\/billetterie.asmonaco.com\/fr\/nos-offres\/abonnement-saison2025-2026\/toutes-nos-offres?_token=006f52e9102a8d3be2fe5614f42ba989\" target=\"_blank\" rel=\"noopener nofollow\">de t\u2019abonner \u00e0 l\u2019offre int\u00e9grale<\/a><\/strong> Ligue 1 \u2013 Ligue des Champions \u2013 Coupe de France \u00e0 partir de\u2026 20\u20ac\/mois. Mais d\u00e9p\u00eache-toi car la date butoir est fix\u00e9e au 8 septembre !<\/p>\n<p><b>\ud83d\udce2 Infos billetterie grand public :<\/b><\/p>\n<ul>\n<li>6 places maximum par commande<\/li>\n<li>Possibilit\u00e9 de d\u00e9mat\u00e9rialiser ta place en format M-ticket depuis ton profil<\/li>\n<li>T\u00e9l\u00e9chargement des billets\u00a0<strong>sur la billetterie en ligne<\/strong>\u00a0&gt; bien renseigner le b\u00e9n\u00e9ficiaire<\/li>\n<li><strong>Venir le plus t\u00f4t possible au stade ! \u231a<\/strong><\/li>\n<li>1 billet par t\u00e9l\u00e9phone et par personne afin d\u2019\u00e9viter un encombrement aux bornes \ud83d\udcf2<\/li>\n<li>Nom identique sur le billet et la pi\u00e8ce d\u2019identit\u00e9 pr\u00e9sent\u00e9e au moment du contr\u00f4le<\/li>\n<li><strong>Interdiction de tout signe distinctif du club visiteur en dehors du secteur visiteurs \u26a0\ufe0f<\/strong><\/li>\n<\/ul>\n<p><a href=\"https:\/\/www.asmonaco.com\/les-cinq-raisons-de-sauter-sur-les-dernieres-places-pour-linter-milan\/supporters_pesage\/\" rel=\"attachment wp-att-718219 nofollow noopener\" target=\"_blank\"><img loading=\"lazy\" decoding=\"async\" class=\"alignnone size-full wp-image-718219\" src=\"https:\/\/www.europesays.com\/fr\/wp-content\/uploads\/2025\/08\/supporters-pesage.jpg\"   alt=\"\" width=\"1160\" height=\"650\"\/><\/a><\/p>\n<p><b>\u231a Quand venir au Stade ?<\/b><\/p>\n<p><b>Nous te conseillons fortement de\u00a0<\/b>:<\/p>\n<p><b>\u2013 Venir le plus t\u00f4t possible en Principaut\u00e9<\/b>, car le trafic aux abords du stade peut \u00eatre dense et pour t\u2019assurer de trouver une place de parking, de passer les nombreux contr\u00f4les de s\u00e9curit\u00e9, sans risque de rater le d\u00e9but du match. Pour rappel, les portes grand public ouvrent 2h avant le coup d\u2019envoi !<b><br \/><\/b><b>\u2013 Consulter le remplissage en live des parkings de la Principaut\u00e9\u00a0<\/b>permettant de s\u2019orienter directement vers des parkings non complets :\u00a0<a href=\"https:\/\/www.parkings.mc\/\" rel=\"nofollow noopener\" target=\"_blank\">https:\/\/www.parkings.mc<\/a>\u00a0ou en t\u00e9l\u00e9chargeant l\u2019appli YOUR MONACO. On te conseille de te garer\u00a0<strong>au nouveau parking des Salines<\/strong>\u00a0situ\u00e9 \u00e0 c\u00f4t\u00e9 du Jardin Exotique, afin de quitter rapidement la Principaut\u00e9 en fin de match.<\/p>\n<p><b\/><\/p>\n<p><b>\u2013 Prendre le train,\u00a0<\/b>en sachant que la gare de Monaco est \u00e0 15 minutes \u00e0 pied du Stade Louis-II.<\/p>\n<p><b>\ud83d\ude86 Horaires trains SNCF<\/b><\/p>\n<p>Voici enfin les horaires de train pour te rendre au Stade Louis-II :<\/p>\n<p><strong>Trajets aller\u2028:<br \/><\/strong>\u2013 Depuis Nice : d\u00e9parts pr\u00e9vus notamment \u00e0 15h34, 15h50, 16h02, 16h21, 16h32\u2026<br \/>\u2013 Depuis Menton : d\u00e9parts pr\u00e9vus notamment \u00e0 15h37, 15h52, 16h06, 16h21, 16h37\u2026<\/p>\n<p><strong>Trajets retour :<\/strong><br \/>\u2013 Vers Nice : d\u00e9parts pr\u00e9vus notamment \u00e0 19h21, 19h34, 19h50, 20h03, 20h22\u2026<br \/>\u2013 Vers Menton : d\u00e9parts pr\u00e9vus notamment \u00e0 19h17, 19h29, 19h46, 20h02, 20h17\u2026<\/p>\n<p>\ud83d\udcf2\u00a0<strong>Infos et r\u00e9servations :\u00a0<\/strong><a href=\"https:\/\/www.ter.sncf.com\/sud-provence-alpes-cote-d-azur\" rel=\"nofollow noopener\" target=\"_blank\">https:\/\/www.ter.sncf.com\/sud-provence-alpes-cote-d-azur<\/a><\/p>\n","protected":false},"excerpt":{"rendered":"Alors qu\u2019ils ont r\u00e9ussi leur entr\u00e9e dans leur jardin face au Havre, les joueurs de l\u2019AS Monaco ont&hellip;\n","protected":false},"author":2,"featured_media":332172,"comment_status":"","ping_status":"","sticky":false,"template":"","format":"standard","meta":{"footnotes":""},"categories":[2820],"tags":[1111,11,1777,674,1011,27,775,12,25,640],"class_list":{"0":"post-332171","1":"post","2":"type-post","3":"status-publish","4":"format-standard","5":"has-post-thumbnail","7":"category-strasbourg","8":"tag-actu","9":"tag-actualites","10":"tag-eu","11":"tag-europe","12":"tag-fr","13":"tag-france","14":"tag-grand-est","15":"tag-news","16":"tag-republique-francaise","17":"tag-strasbourg"},"share_on_mastodon":{"url":"https:\/\/pubeurope.com\/@fr\/115062488709898033","error":""},"_links":{"self":[{"href":"https:\/\/www.europesays.com\/fr\/wp-json\/wp\/v2\/posts\/332171","targetHints":{"allow":["GET"]}}],"collection":[{"href":"https:\/\/www.europesays.com\/fr\/wp-json\/wp\/v2\/posts"}],"about":[{"href":"https:\/\/www.europesays.com\/fr\/wp-json\/wp\/v2\/types\/post"}],"author":[{"embeddable":true,"href":"https:\/\/www.europesays.com\/fr\/wp-json\/wp\/v2\/users\/2"}],"replies":[{"embeddable":true,"href":"https:\/\/www.europesays.com\/fr\/wp-json\/wp\/v2\/comments?post=332171"}],"version-history":[{"count":0,"href":"https:\/\/www.europesays.com\/fr\/wp-json\/wp\/v2\/posts\/332171\/revisions"}],"wp:featuredmedia":[{"embeddable":true,"href":"https:\/\/www.europesays.com\/fr\/wp-json\/wp\/v2\/media\/332172"}],"wp:attachment":[{"href":"https:\/\/www.europesays.com\/fr\/wp-json\/wp\/v2\/media?parent=332171"}],"wp:term":[{"taxonomy":"category","embeddable":true,"href":"https:\/\/www.europesays.com\/fr\/wp-json\/wp\/v2\/categories?post=332171"},{"taxonomy":"post_tag","embeddable":true,"href":"https:\/\/www.europesays.com\/fr\/wp-json\/wp\/v2\/tags?post=332171"}],"curies":[{"name":"wp","href":"https:\/\/api.w.org\/{rel}","templated":true}]}}