{"id":332177,"date":"2025-08-20T18:25:28","date_gmt":"2025-08-20T18:25:28","guid":{"rendered":"https:\/\/www.europesays.com\/fr\/332177\/"},"modified":"2025-08-20T18:25:28","modified_gmt":"2025-08-20T18:25:28","slug":"le-systeme-de-douves-a-letude","status":"publish","type":"post","link":"https:\/\/www.europesays.com\/fr\/332177\/","title":{"rendered":"le syst\u00e8me de douves \u00e0 l&rsquo;\u00e9tude"},"content":{"rendered":"<p>                        <a href=\"https:\/\/www.europesays.com\/fr\/wp-content\/uploads\/2025\/08\/IMG_5083-scaled.jpg\"><img loading=\"lazy\" decoding=\"async\" aria-describedby=\"caption-attachment-50731\" class=\"wp-image-50731  colorbox-50727\" src=\"https:\/\/www.europesays.com\/fr\/wp-content\/uploads\/2025\/08\/IMG_5083-scaled.jpg\" alt=\"\" width=\"446\" height=\"335\"\/><\/a><\/p>\n<p id=\"caption-attachment-50731\" class=\"wp-caption-text\">Ce mercredi 20 ao\u00fbt, les douves se vident progressivement. L\u2019op\u00e9ration permettra d\u2019\u00e9tudier l\u2019\u00e9tat du b\u00e2timent et du syst\u00e8me hydraulique.<\/p>\n<p>Le Ch\u00e2teau de Chassay et son syst\u00e8me de douves ont \u00e9t\u00e9 inscrits au patrimoine des Monuments historiques en 2024. Datant vraisemblablement du XVe si\u00e8cle, ces douves sont aliment\u00e9s par une source naturelle et une fontaine, situ\u00e9e au nord du Ch\u00e2teau.<\/p>\n<p>\u00ab\u00a0Il est tr\u00e8s rare de pouvoir \u00e9tudier un syst\u00e8me hydraulique complet en \u00e9tat de marche de cette \u00e9poque. La plupart sont rebouch\u00e9s ou remblay\u00e9s\u00a0\u00bb pr\u00e9cise Delphine Mas, Responsable du bureau d\u2019\u00e9tude de la mairie, en charge du diagnostic du Ch\u00e2teau de Chassay.<\/p>\n<p>Un diagnostic et un entretien en cours<\/p>\n<p>En vue des travaux \u00e0 venir, un diagnostic du syst\u00e8me hydraulique du ch\u00e2teau est en cours. Il est donc n\u00e9cessaire d\u2019ass\u00e9cher les douves pour en conna\u00eetre l\u2019\u00e9tat et retirer la v\u00e9g\u00e9tation qui fragilise le mur d\u2019enceinte. Le site sera scann\u00e9 afin d\u2019\u00e9tablir un relv\u00e9 pr\u00e9cis de l\u2019\u00e9tat des conduits et des pierres.<\/p>\n<p>La Ville s\u2019est associ\u00e9e avec l\u2019association de p\u00eache \u00ab\u00a0<a href=\"https:\/\/www.sainte-luce-loire.com\/contacts\/la-gaule-luceenne\/\" rel=\"nofollow noopener\" target=\"_blank\">La Gaule luc\u00e9enne<\/a>\u00a0\u00bb afin de d\u00e9placer les poissons vivant dans les douves dans les \u00e9tangs de la commune et ainsi les pr\u00e9server.<\/p>\n<p>Pourquoi vider les douves durant le mois d\u2019ao\u00fbt ?<\/p>\n<p>La p\u00e9riode pour r\u00e9aliser cette op\u00e9ration a \u00e9t\u00e9 choisie afin de respecter les p\u00e9riodes de nidification des oiseaux dans les arbres et les haies, qui a lieu de mars \u00e0 juillet. La fin de l\u2019\u00e9t\u00e9 est la p\u00e9riode id\u00e9ale pour d\u00e9broussailler le mur d\u2019enceinte, qui est \u00e9galement inscrit au titre des Monuments historiques.<\/p>\n<p>Les douves se rempliront ensuite naturellement durant l\u2019automne\/hiver 2025, gr\u00e2ce \u00e0 la source naturelle et l\u2019eau de pluie.<\/p>\n","protected":false},"excerpt":{"rendered":"Ce mercredi 20 ao\u00fbt, les douves se vident progressivement. L\u2019op\u00e9ration permettra d\u2019\u00e9tudier l\u2019\u00e9tat du b\u00e2timent et du syst\u00e8me&hellip;\n","protected":false},"author":2,"featured_media":332178,"comment_status":"","ping_status":"","sticky":false,"template":"","format":"standard","meta":{"footnotes":""},"categories":[2818],"tags":[1111,11,1777,674,1011,27,766,12,2636,25],"class_list":{"0":"post-332177","1":"post","2":"type-post","3":"status-publish","4":"format-standard","5":"has-post-thumbnail","7":"category-nantes","8":"tag-actu","9":"tag-actualites","10":"tag-eu","11":"tag-europe","12":"tag-fr","13":"tag-france","14":"tag-nantes","15":"tag-news","16":"tag-pays-de-la-loire","17":"tag-republique-francaise"},"share_on_mastodon":{"url":"https:\/\/pubeurope.com\/@fr\/115062500649741358","error":""},"_links":{"self":[{"href":"https:\/\/www.europesays.com\/fr\/wp-json\/wp\/v2\/posts\/332177","targetHints":{"allow":["GET"]}}],"collection":[{"href":"https:\/\/www.europesays.com\/fr\/wp-json\/wp\/v2\/posts"}],"about":[{"href":"https:\/\/www.europesays.com\/fr\/wp-json\/wp\/v2\/types\/post"}],"author":[{"embeddable":true,"href":"https:\/\/www.europesays.com\/fr\/wp-json\/wp\/v2\/users\/2"}],"replies":[{"embeddable":true,"href":"https:\/\/www.europesays.com\/fr\/wp-json\/wp\/v2\/comments?post=332177"}],"version-history":[{"count":0,"href":"https:\/\/www.europesays.com\/fr\/wp-json\/wp\/v2\/posts\/332177\/revisions"}],"wp:featuredmedia":[{"embeddable":true,"href":"https:\/\/www.europesays.com\/fr\/wp-json\/wp\/v2\/media\/332178"}],"wp:attachment":[{"href":"https:\/\/www.europesays.com\/fr\/wp-json\/wp\/v2\/media?parent=332177"}],"wp:term":[{"taxonomy":"category","embeddable":true,"href":"https:\/\/www.europesays.com\/fr\/wp-json\/wp\/v2\/categories?post=332177"},{"taxonomy":"post_tag","embeddable":true,"href":"https:\/\/www.europesays.com\/fr\/wp-json\/wp\/v2\/tags?post=332177"}],"curies":[{"name":"wp","href":"https:\/\/api.w.org\/{rel}","templated":true}]}}