{"id":332179,"date":"2025-08-20T18:26:24","date_gmt":"2025-08-20T18:26:24","guid":{"rendered":"https:\/\/www.europesays.com\/fr\/332179\/"},"modified":"2025-08-20T18:26:24","modified_gmt":"2025-08-20T18:26:24","slug":"castro-ou-abline-le-vestiaire-des-canaris-a-choisi-son-camp","status":"publish","type":"post","link":"https:\/\/www.europesays.com\/fr\/332179\/","title":{"rendered":"Castro ou Abline, le vestiaire des Canaris a choisi son camp !"},"content":{"rendered":"<p><strong>Apr\u00e8s la d\u00e9faite dominicale contre le PSG (0-1), le vestiaire du <a href=\"https:\/\/www.butfootballclub.fr\/614426-fc-nantes-les-supporters-ont-impressionne-castro\/\" rel=\"noopener\" target=\"_blank\">FC Nantes<\/a> a d\u00fb choisir son camp : soutenir Luis Castro ou Matthis Abline ? Et la r\u00e9ponse est tomb\u00e9e.<\/strong><\/p>\n<p>Le cas Matthis Abline est toujours aussi \u00e9pineux au <a href=\"https:\/\/www.butfootballclub.fr\/614455-fc-nantes-mercato-abline-humilie-par-castro-et-relance-par-le-stade-rennais\/\" rel=\"noopener\" target=\"_blank\">FC Nantes<\/a>. Le jeune attaquant de 22 ans, meilleur buteur des Canaris la saison derni\u00e8re avec 11 r\u00e9alisations toutes comp\u00e9titions confondues, a \u00e9t\u00e9 humili\u00e9 publiquement par l\u2019entra\u00eeneur portugais apr\u00e8s le match inaugural (0-1 face au PSG). Luis Castro a pass\u00e9 plusieurs minutes \u00e0 d\u00e9cortiquer les erreurs d\u2019Abline, un \u00e9pisode v\u00e9cu comme une v\u00e9ritable mise en accusation par l\u2019attaquant et son entourage.\u00a0<\/p>\n<p>Touch\u00e9, le joueur de 22 ans n\u2019a pas r\u00e9pondu sur le moment, mais <a href=\"https:\/\/www.butfootballclub.fr\/614380-fc-nantes-kita-se-fait-dezinguer-pour-son-hommage-au-psg\/\" rel=\"noopener\" target=\"_blank\">L\u2019\u00c9quipe<\/a> explique dans son \u00e9dition du jour qu\u2019il a rapidement re\u00e7u des messages de soutien de ses co\u00e9quipiers, r\u00e9v\u00e9lant une solidarit\u00e9 marqu\u00e9e au sein du vestiaire. Toujours d\u2019apr\u00e8s le quotidien sportif, ce m\u00eame Abline\u00a0avait d\u00e9j\u00e0 \u00e9t\u00e9 au c\u0153ur d\u2019un discours, pas m\u00e9chant cette fois, \u00e0\u00a0l\u2019h\u00f4tel avant le match, et pouvait avoir le sentiment apr\u00e8s coup d\u2019\u00eatre victime d\u2019un acharnement, ou au moins d\u2019une \u00ab fixette\u200a.\u00a0\u00bb<\/p>\n<p>Cette situation explosive intervient alors que l\u2019avenir d\u2019Abline reste incertain. D\u00e9sireux de quitter le FC Nantes cet \u00e9t\u00e9, le joueur reste en d\u00e9saccord avec la direction et le bras de fer pourrait durer jusqu\u2019aux derniers jours du mercato. Pour le moment, le staff esp\u00e8re pouvoir compter sur lui pour le match \u00e0 Strasbourg, mais tout d\u00e9pendra de la mani\u00e8re dont ce conflit interne sera dig\u00e9r\u00e9 d\u2019ici l\u00e0.<\/p>\n","protected":false},"excerpt":{"rendered":"Apr\u00e8s la d\u00e9faite dominicale contre le PSG (0-1), le vestiaire du FC Nantes a d\u00fb choisir son camp&hellip;\n","protected":false},"author":2,"featured_media":332180,"comment_status":"","ping_status":"","sticky":false,"template":"","format":"standard","meta":{"footnotes":""},"categories":[2818],"tags":[1111,11,448,1777,674,63,1011,27,66,3388,766,12,2636,25,10662],"class_list":{"0":"post-332179","1":"post","2":"type-post","3":"status-publish","4":"format-standard","5":"has-post-thumbnail","7":"category-nantes","8":"tag-actu","9":"tag-actualites","10":"tag-champions-league","11":"tag-eu","12":"tag-europe","13":"tag-football","14":"tag-fr","15":"tag-france","16":"tag-ligue-1","17":"tag-matchs","18":"tag-nantes","19":"tag-news","20":"tag-pays-de-la-loire","21":"tag-republique-francaise","22":"tag-transferts"},"share_on_mastodon":{"url":"https:\/\/pubeurope.com\/@fr\/115062504946687021","error":""},"_links":{"self":[{"href":"https:\/\/www.europesays.com\/fr\/wp-json\/wp\/v2\/posts\/332179","targetHints":{"allow":["GET"]}}],"collection":[{"href":"https:\/\/www.europesays.com\/fr\/wp-json\/wp\/v2\/posts"}],"about":[{"href":"https:\/\/www.europesays.com\/fr\/wp-json\/wp\/v2\/types\/post"}],"author":[{"embeddable":true,"href":"https:\/\/www.europesays.com\/fr\/wp-json\/wp\/v2\/users\/2"}],"replies":[{"embeddable":true,"href":"https:\/\/www.europesays.com\/fr\/wp-json\/wp\/v2\/comments?post=332179"}],"version-history":[{"count":0,"href":"https:\/\/www.europesays.com\/fr\/wp-json\/wp\/v2\/posts\/332179\/revisions"}],"wp:featuredmedia":[{"embeddable":true,"href":"https:\/\/www.europesays.com\/fr\/wp-json\/wp\/v2\/media\/332180"}],"wp:attachment":[{"href":"https:\/\/www.europesays.com\/fr\/wp-json\/wp\/v2\/media?parent=332179"}],"wp:term":[{"taxonomy":"category","embeddable":true,"href":"https:\/\/www.europesays.com\/fr\/wp-json\/wp\/v2\/categories?post=332179"},{"taxonomy":"post_tag","embeddable":true,"href":"https:\/\/www.europesays.com\/fr\/wp-json\/wp\/v2\/tags?post=332179"}],"curies":[{"name":"wp","href":"https:\/\/api.w.org\/{rel}","templated":true}]}}