{"id":332181,"date":"2025-08-20T18:27:14","date_gmt":"2025-08-20T18:27:14","guid":{"rendered":"https:\/\/www.europesays.com\/fr\/332181\/"},"modified":"2025-08-20T18:27:14","modified_gmt":"2025-08-20T18:27:14","slug":"luniversite-dete-des-mouvements-sociaux-va-agiter-le-campus-de-bordeaux","status":"publish","type":"post","link":"https:\/\/www.europesays.com\/fr\/332181\/","title":{"rendered":"L\u2019Universit\u00e9 d\u2019\u00e9t\u00e9 des mouvements sociaux va agiter le campus de Bordeaux"},"content":{"rendered":"<p class=\"wp-block-post-excerpt__excerpt\">Rendez-vous pris\u00e9 des acteurs des mouvements sociaux depuis sa premi\u00e8re \u00e9dition en 2018, l\u2019Universit\u00e9 d\u2019\u00e9t\u00e9 des mouvements sociaux et des solidarit\u00e9s (UEMSS) se d\u00e9roulera cette ann\u00e9e du 23 au 26 aout sur le campus Peixotto, \u00e0 Talence. Rue89 Bordeaux participera \u00e0 une table ronde sur les strat\u00e9gies des m\u00e9dias ind\u00e9pendants, le mardi 26 ao\u00fbt. <\/p>\n<p class=\"font-sans\">\n\t\t\tCet article est en acc\u00e8s libre. Pour soutenir Rue89Bordeaux,<br \/>\n\t\t\t<a class=\"underline\" href=\"https:\/\/rue89bordeaux.com\/abonnement\/\" target=\"_blank\" rel=\"noopener\">abonnez-vous<\/a>.\n\t\t<\/p>\n<p>Samuel Clauzier<\/p>\n<p>Publi\u00e9 le 20 ao\u00fbt 2025\u00a0\u00a0\u00b7\u00a0\u00a0<\/p>\n<p>Imprim\u00e9 le 20 ao\u00fbt 2025 \u00e0 19h58\u00a0\u00a0\u00b7\u00a0\u00a0<\/p>\n<p>\t\t\t\t\t5\u00a0minutes\n<\/p>\n<blockquote class=\"wp-block-quote is-layout-flow wp-block-quote-is-layout-flow\">\n<p>\u00ab\u00a0Lors de la derni\u00e8re \u00e9dition en 2023, nous avions accueilli 2 500 personnes. Cette ann\u00e9e, nous attendons environ 2 000 participants d\u2019apr\u00e8s les inscriptions enregistr\u00e9es : c\u2019est un \u00e9v\u00e9nement d\u2019ampleur avec une dimension internationale\u00a0\u00bb, soulignent les organisateurs.<\/p>\n<\/blockquote>\n<p>Apr\u00e8s Grenoble, Nantes et Bobigny, la quatri\u00e8me \u00e9dition de l\u2019Universit\u00e9 d\u2019\u00c9t\u00e9 des Mouvements Sociaux et des Solidarit\u00e9s se tiendra du 23 au 26 ao\u00fbt sur le campus Peixotto, \u00e0 l\u2019Universit\u00e9 de Bordeaux. Ateliers, d\u00e9bats, concerts, performances artistiques et projections rythmeront les quatre jours de cette session girondine. <\/p>\n<p>Le tout est port\u00e9 par un large panel d\u2019associations, de syndicats et de collectifs citoyens mobilis\u00e9s pour l\u2019occasion, dont une vingtaine de structures locales, parmi lesquelles la Ligue de droits de l\u2019Homme, France Libert\u00e9s, Attac\u2026<\/p>\n<p>La pl\u00e9ni\u00e8re d\u2019ouverture plantera les grands enjeux de l\u2019UEMSS, se tiendra ce samedi, de 16h30 \u00e0 18h30 \u00e0 l\u2019amphi Darwin, b\u00e2timent A22, avec notamment Dima Mouayad, coordinatrice de Al Haq Europe, ONG palestinienne de d\u00e9fense des droits humains, Katya Gritseva, membre du mouvement \u00e9tudiant en Ukraine, et Marsha Niemeijer, impliqu\u00e9e dans la construction de l\u2019aile gauche du mouvement ouvrier aux \u00c9tats-Unis depuis 25 ans (r\u00e9seau Labor Notes).<\/p>\n<p>\t\t\u00ab\u00a0Du local au global\u00a0\u00bb<\/p>\n<p>Objectifs de l\u2019UEMSS : \u00ab\u00a0apprendre\u00a0\u00bb des luttes militantes venues <a href=\"https:\/\/www.uemss.org\/spip.php?page=module-2025&amp;id_module=434\" target=\"_blank\" rel=\"noreferrer noopener\">d\u2019ailleurs<\/a>, mais aussi tisser un lien entre combat antiraciste et soutien \u00e0 la cause <a href=\"https:\/\/www.uemss.org\/spip.php?page=module-2025&amp;id_module=336\" target=\"_blank\" rel=\"noreferrer noopener\">palestinienne<\/a>. Il sera \u00e9galement question d\u2019explorer les r\u00e9sistances de l\u2019Afrique \u00e0 Ha\u00efti en passant par les <a href=\"https:\/\/www.uemss.org\/spip.php?page=module-2025&amp;id_module=386\" target=\"_blank\" rel=\"noreferrer noopener\">Cara\u00efbes<\/a>, ou encore d\u00e9battre lors d\u2019une <a href=\"https:\/\/www.uemss.org\/spip.php?page=module-2025&amp;id_module=440\" target=\"_blank\" rel=\"noreferrer noopener\">pl\u00e9ni\u00e8re<\/a> sur le \u00ab\u00a0droit des peuples\u00a0\u00bb. L\u2019\u00e9v\u00e9nement se pr\u00e9sente ainsi comme un espace d\u2019enrichissement des mobilisations populaires.<\/p>\n<p>Mais l\u2019UEMSS \u00ab\u00a0ne peut \u00eatre un \u00e9v\u00e9nement sans ancrage local\u00a0\u00bb\u00a0: les mouvements de la R\u00e9gion Nouvelle-Aquitaine, tr\u00e8s impliqu\u00e9s dans la pr\u00e9paration, interviendront aussi dans cette pl\u00e9ni\u00e8re d\u2019ouverture et lors du reste de l\u2019\u00e9v\u00e8nement.  \u00ab\u00a0L\u2019id\u00e9e est de passer du local au global, pour que les Bordelais rencontrent militants et chercheurs du monde entier\u00a0\u00bb, soulignent les organisateurs<\/p>\n<blockquote class=\"wp-block-quote is-layout-flow wp-block-quote-is-layout-flow\">\n<p>\u00ab\u00a0En Nouvelle-Aquitaine, et plus particuli\u00e8rement \u00e0 Bordeaux et en Gironde, les in\u00e9galit\u00e9s sociales et territoriales se creusent. Crise du logement, pr\u00e9carit\u00e9 croissante, mont\u00e9e des discriminations, artificialisation des terres et grands projets inutiles impos\u00e9s \u2013 comme la LGV ou les m\u00e9ga-bassines \u2013 frappent durement les habitant\u00b7es, en particulier les plus vuln\u00e9rables\u00a0\u00bb, pointent les organisateurs.<\/p>\n<\/blockquote>\n<p>La crise \u00e9cologique occupera ainsi une place centrale lors de ces universit\u00e9s d\u2019\u00e9t\u00e9. Les associations Terrafrik, Guayasa et la Maison des Citoyens du Monde aborderont cette th\u00e9matique sous des <a href=\"https:\/\/www.uemss.org\/spip.php?page=module-2025&amp;id_module=386\" target=\"_blank\" rel=\"noreferrer noopener\">prismes<\/a> f\u00e9ministes et d\u00e9coloniaux. De l\u2019Argentine \u00e0 l\u2019Amazonie \u00e9quatorienne, militantes, chercheuses et journalistes mettront en \u00e9vidence les ravages de l\u2019<a href=\"https:\/\/www.uemss.org\/spip.php?page=module-2025&amp;id_module=388\" target=\"_blank\" rel=\"noreferrer noopener\">extractivisme<\/a> et les alternatives port\u00e9es par les communaut\u00e9s locales.<\/p>\n<p>\t\tUn vote symbolique<\/p>\n<p>Un focus \u00ab\u00a0hors les murs\u00a0\u00bb mettra quant \u00e0 lui en lumi\u00e8re le mouvement des Soul\u00e8vements de la terre, lors d\u2019une soir\u00e9e-d\u00e9bat, le lundi <a href=\"https:\/\/www.cinemas-utopia.org\/bordeaux\/index.php?id=8349&amp;mode=film\" target=\"_blank\" rel=\"noreferrer noopener\">25 ao\u00fbt<\/a> au cin\u00e9ma Utopia. La projection du documentaire <a href=\"https:\/\/rue89bordeaux.com\/2025\/08\/avec-soulevements-thomas-lacoste-filme-des-luttes-enchantees\/\" target=\"_blank\" rel=\"noreferrer noopener\">\u00ab\u00a0Soul\u00e8vements\u00a0\u00bb<\/a> sera suivie d\u2019un \u00e9change avec son r\u00e9alisateur bordelais, Thomas Lacoste.<\/p>\n<p>Apr\u00e8s avoir explor\u00e9 les pistes qui s\u2019offrent aux luttes \u00e9colos, l\u2019Universit\u00e9 se penchera sur la mont\u00e9e de l\u2019extr\u00eame droite et des autoritarismes, qui s\u2019impose comme l\u2019un des grands enjeux de cette \u00e9dition 2025. Comment <a href=\"https:\/\/www.uemss.org\/spip.php?page=module-2025&amp;id_module=393\" target=\"_blank\" rel=\"noreferrer noopener\">riposter<\/a> aux politiques de contr\u00f4le et au rejet des personnes \u00e9trang\u00e8res ? De quelle mani\u00e8re <a href=\"https:\/\/www.uemss.org\/spip.php?page=module-2025&amp;id_module=422\" target=\"_blank\" rel=\"noreferrer noopener\">enrayer<\/a> le \u00ab\u00a0tron\u00e7onnage\u00a0\u00bb des services publics par l\u2019id\u00e9ologie libertarienne ?<\/p>\n<blockquote class=\"wp-block-quote is-layout-flow wp-block-quote-is-layout-flow\">\n<p>\u00ab\u00a0Nous organiserons un vote symbolique sur le droit de vote des r\u00e9sidents \u00e9trangers aux \u00e9lections locales. C\u2019est une fa\u00e7on d\u2019ouvrir le d\u00e9bat d\u00e9mocratique et de relancer la discussion au niveau municipal\u00a0\u00bb, indiquent les organisateurs.<\/p>\n<\/blockquote>\n<p>La presse ind\u00e9 \u00e0 l\u2019honneur<\/p>\n<p>Comment peser dans la bataille culturelle face \u00e0 la mont\u00e9e en puissance d\u2019extr\u00eame droite ? <a href=\"https:\/\/www.uemss.org\/spip.php?page=module-2025&amp;id_module=395\" target=\"_blank\" rel=\"noreferrer noopener\">Les \u00ab\u00a0strat\u00e9gies pour construire un nouveau paysage m\u00e9diatique\u00a0\u00bb<\/a> feront l\u2019objet d\u2019une journ\u00e9e de d\u00e9bats, avec des repr\u00e9sentants de plusieurs titres ind\u00e9pendants : Tatiana Guille (Revue Silence), Jean-Marc Dunet (Pressenza), Romain Tord (Politis), Simon Barth\u00e9l\u00e9my (<a href=\"https:\/\/rue89bordeaux.com\/\" target=\"_blank\" rel=\"noreferrer noopener\">Rue89 Bordeaux<\/a>), ou encore Nicolas Camier (Basta).<\/p>\n<p>Un \u00ab\u00a0village associatif\u00a0\u00bb s\u2019installera sur le campus de Talence, mettant \u00e0 l\u2019honneur les \u00ab\u00a0m\u00e9dias libres et ind\u00e9pendants\u00a0\u00bb. Chaque jour, la radio locale et libre <a href=\"https:\/\/www.lacledesondes.fr\/\" target=\"_blank\" rel=\"noreferrer noopener\">La Cl\u00e9 des Ondes<\/a>, proposera \u00e9galement une \u00e9mission en direct.<\/p>\n<blockquote class=\"wp-block-quote is-layout-flow wp-block-quote-is-layout-flow\">\n<p>\u00ab\u00a0La culture est un \u00e9l\u00e9ment central, car elle ouvre des portes vers d\u2019autres modes de vie et d\u2019autres fa\u00e7ons de penser, souligne l\u2019organisation. Nous accueillons de nombreux groupes musicaux, des expositions, du th\u00e9\u00e2tre et des performances interdisciplinaires\u00a0\u00bb.<\/p>\n<\/blockquote>\n<p>Tous les participants contribuent selon leurs moyens. L\u2019Universit\u00e9 d\u2019\u00e9t\u00e9 des mouvements sociaux propose plusieurs options pour un <a href=\"https:\/\/www.uemss.org\/S-inscrire-a-l-UEMSS-2025\" target=\"_blank\" rel=\"noreferrer noopener\">acc\u00e8s<\/a> complet aux quatre jours : un tarif \u00ab\u00a0solidaire\u00a0\u00bb \u00e0 75 \u20ac pour soutenir l\u2019initiative, et un tarif \u00ab\u00a0de base\u00a0\u00bb \u00e0 50 \u20ac. Nouveaut\u00e9 de l\u2019\u00e9dition 2025 : un <a href=\"https:\/\/www.uemss.org\/S-inscrire-a-l-UEMSS-2025\" target=\"_blank\" rel=\"noreferrer noopener\">acc\u00e8s<\/a> \u00e0 la journ\u00e9e pour 15 \u20ac. Les organisateurs pr\u00e9cisent \u00e9galement que \u00ab\u00a0le montant de la contribution peut se faire de mani\u00e8re tout \u00e0 fait libre, en fonction des ressources de chacun\u00a0\u00bb.<\/p>\n<p>Ouvert \u00e0 tous <\/p>\n<blockquote class=\"wp-block-quote is-layout-flow wp-block-quote-is-layout-flow\">\n<p>\u00ab\u00a0Si quelqu\u2019un ne peut donner qu\u2019un euro, il est le bienvenu : nous attachons beaucoup d\u2019importance \u00e0 ce principe. Nous acceptons \u00e9galement la monnaie locale, la Gemme, pour rester coh\u00e9rents avec nos valeurs et faire conna\u00eetre cet outil.\u00a0\u00bb pr\u00e9cise une organisatrice. <\/p>\n<\/blockquote>\n<p>C\u00f4t\u00e9 accessibilit\u00e9, le covoiturage est facilit\u00e9 via le site Mobicoop, qui propose un <a href=\"https:\/\/www.mobicoop.fr\/covoiturages-evenements\/7141\/UEMSS\" target=\"_blank\" rel=\"noreferrer noopener\">\u00e9v\u00e9nement<\/a> d\u00e9di\u00e9. \u00ab\u00a0Parce que la lutte se vit aussi en famille\u00a0\u00bb, un espace accueillera les enfants des participants \u00e0 partir de 3 ans. Du dimanche 24 au mardi 26 ao\u00fbt, la <a href=\"https:\/\/www.uemss.org\/La-bambinerie-de-l-UEMSS-2025-parce-que-la\" target=\"_blank\" rel=\"noreferrer noopener\">\u00ab\u00a0Bambinerie\u00a0\u00bb<\/a> offrira jeux coop\u00e9ratifs, activit\u00e9s manuelles, lectures et contes, le tout encadr\u00e9 par une \u00e9quipe d\u2019animateurs.<\/p>\n<p>En pr\u00e9lude aux universit\u00e9s d\u2019\u00e9t\u00e9, le r\u00e9seau M\u00e9moires et Partages organise une visite m\u00e9morielle le 23 ao\u00fbt, pour la Journ\u00e9e internationale du souvenir de la traite n\u00e9gri\u00e8re et de son abolition avec \u00e0 10h, une c\u00e9r\u00e9monie rend hommage \u00e0 l\u2019insurrection ha\u00eftienne de 1791, suivie d\u2019un parcours guid\u00e9 \u00ab\u00a0Sur les traces d\u2019Ha\u00efti \u00e0 Bordeaux\u00a0\u00bb, accessible sur <a href=\"https:\/\/memoiresetpartages.com\/2025\/08\/01\/a-bordeaux-la-jistna-en-prelude-de-luniversite-dete-des-mouvements-sociaux-et-des-solidarites-23-aout-2025\/\" target=\"_blank\" rel=\"noreferrer noopener\">inscription<\/a>.<\/p>\n<p>Rue89 Bordeaux a besoin de vos dons<\/p>\n<p>Mille mercis \u00e0 nos 131 donateurs ! Gr\u00e2ce \u00e0 vous, nous avons atteint notre objectif initial de 10\u202f000\u202f\u20ac. Ce soutien va nous permettre de renflouer notre tr\u00e9sorerie, apr\u00e8s le d\u00e9sengagement en 2025 d\u2019un annonceur important \u2013 Bordeaux M\u00e9tropole \u2013 et de r\u00e9gler nos factures en attente.<br \/>Cependant, la cagnotte reste ouverte jusqu\u2019\u00e0 fin septembre afin de vous laisser l\u2019occasion de continuer \u00e0 soutenir votre m\u00e9dia ind\u00e9pendant. Chaque don est d\u00e9ductible des imp\u00f4ts \u00e0 hauteur de 66\u202f%. En recevoir davantage nous permettra de consolider nos finances, d\u2019envisager une rentr\u00e9e sereine, et surtout, d\u2019enrichir nos contenus et de renforcer notre r\u00e9daction.<\/p>\n","protected":false},"excerpt":{"rendered":"Rendez-vous pris\u00e9 des acteurs des mouvements sociaux depuis sa premi\u00e8re \u00e9dition en 2018, l\u2019Universit\u00e9 d\u2019\u00e9t\u00e9 des mouvements sociaux&hellip;\n","protected":false},"author":2,"featured_media":332182,"comment_status":"","ping_status":"","sticky":false,"template":"","format":"standard","meta":{"footnotes":""},"categories":[2817],"tags":[1111,11,1997,1777,674,1011,27,14027,11639,12,2219,25,46939,46940,28002],"class_list":{"0":"post-332181","1":"post","2":"type-post","3":"status-publish","4":"format-standard","5":"has-post-thumbnail","7":"category-bordeaux","8":"tag-actu","9":"tag-actualites","10":"tag-bordeaux","11":"tag-eu","12":"tag-europe","13":"tag-fr","14":"tag-france","15":"tag-militants","16":"tag-mouvement-social","17":"tag-news","18":"tag-nouvelle-aquitaine","19":"tag-republique-francaise","20":"tag-talence","21":"tag-universite-dete","22":"tag-universite-de-bordeaux"},"share_on_mastodon":{"url":"https:\/\/pubeurope.com\/@fr\/115062508219612232","error":""},"_links":{"self":[{"href":"https:\/\/www.europesays.com\/fr\/wp-json\/wp\/v2\/posts\/332181","targetHints":{"allow":["GET"]}}],"collection":[{"href":"https:\/\/www.europesays.com\/fr\/wp-json\/wp\/v2\/posts"}],"about":[{"href":"https:\/\/www.europesays.com\/fr\/wp-json\/wp\/v2\/types\/post"}],"author":[{"embeddable":true,"href":"https:\/\/www.europesays.com\/fr\/wp-json\/wp\/v2\/users\/2"}],"replies":[{"embeddable":true,"href":"https:\/\/www.europesays.com\/fr\/wp-json\/wp\/v2\/comments?post=332181"}],"version-history":[{"count":0,"href":"https:\/\/www.europesays.com\/fr\/wp-json\/wp\/v2\/posts\/332181\/revisions"}],"wp:featuredmedia":[{"embeddable":true,"href":"https:\/\/www.europesays.com\/fr\/wp-json\/wp\/v2\/media\/332182"}],"wp:attachment":[{"href":"https:\/\/www.europesays.com\/fr\/wp-json\/wp\/v2\/media?parent=332181"}],"wp:term":[{"taxonomy":"category","embeddable":true,"href":"https:\/\/www.europesays.com\/fr\/wp-json\/wp\/v2\/categories?post=332181"},{"taxonomy":"post_tag","embeddable":true,"href":"https:\/\/www.europesays.com\/fr\/wp-json\/wp\/v2\/tags?post=332181"}],"curies":[{"name":"wp","href":"https:\/\/api.w.org\/{rel}","templated":true}]}}