{"id":332183,"date":"2025-08-20T18:28:11","date_gmt":"2025-08-20T18:28:11","guid":{"rendered":"https:\/\/www.europesays.com\/fr\/332183\/"},"modified":"2025-08-20T18:28:11","modified_gmt":"2025-08-20T18:28:11","slug":"au-lendemain-de-lincendie-cours-de-largonne-a-bordeaux-les-riverains-constatent-les-degats","status":"publish","type":"post","link":"https:\/\/www.europesays.com\/fr\/332183\/","title":{"rendered":"au lendemain de l\u2019incendie cours de l\u2019Argonne \u00e0 Bordeaux, les riverains constatent les d\u00e9g\u00e2ts"},"content":{"rendered":"<p>Une odeur \u00e2cre emplie encore le cours de l\u2019Argonne, \u00e0 Bordeaux, ce mercredi 20\u00a0ao\u00fbt au matin. La veille, les sapeurs-pompiers sont intervenus \u00e0 22\u00a0heures pour ma\u00eetriser un incendie survenu dans une maison situ\u00e9e au num\u00e9ro\u00a031. \u00ab\u00a0Je suis l\u00e0 depuis 9\u00a0h\u00a030.\u00a0\u00bb Le syndic de copropri\u00e9t\u00e9 d\u2019un immeuble attenant fait le pied de grue aux alentours. \u00ab\u00a0On vient voir si les structures ont boug\u00e9. Les pompiers sont rentr\u00e9s par le toit de notre immeuble pour v\u00e9rifier que personne n\u2019\u00e9tait dans les appartements. Ils ont cass\u00e9 la porte, des fen\u00eatres, etc. Mais ce n\u2019est que du mat\u00e9riel.\u00a0\u00bb<\/p>\n<p>Un peu plus loin, rue Ren\u00e9-Roy-de-Clotte, devant le ballet matinal des riverains, Chantal veille au grain depuis son balcon\u00a0: \u00ab\u00a0Je n\u2019ai pas \u00e9t\u00e9 d\u00e9rang\u00e9 pour un sou. Les pompiers ont fait un travail impeccable. Par contre les habitants d\u2019en face sont rest\u00e9s longtemps dehors. La dame est enceinte, ils ont d\u00fb aller dormir ailleurs.\u00a0\u00bb<\/p>\n<p>Mais si elle a pu dormir \u00e0 poing ferm\u00e9, ce n\u2019est pas le cas de tout le monde. \u00ab\u00a0C\u2019\u00e9tait impressionnant, \u00e7a m\u2019a fait tr\u00e8s peur. Moi qui suis quelqu\u2019un d\u2019anxieux, je n\u2019en ai pas dormi de la nuit\u00a0\u00bb, raconte Michelle, une voisine, le visage creus\u00e9 par la fatigue.<\/p>\n<p>Mise en p\u00e9ril<\/p>\n<p>En d\u00e9but d\u2019apr\u00e8s-midi, la police nationale a pris la rel\u00e8ve des policiers municipaux pr\u00e9sents sur les lieux depuis le sinistre. Leur mission\u00a0: s\u00e9curiser le b\u00e2timent et \u00e9viter que des gens ne s\u2019y aventurent avant l\u2019intervention des services de la Ville pour condamner les issues.<\/p>\n<p>Squatt\u00e9 depuis plusieurs ann\u00e9es, l\u2019immeuble \u00e9tait sous le coup d\u2019un arr\u00eat\u00e9 de mise en p\u00e9ril \u00e9mis le 22\u00a0juillet. Avant de fermer les entr\u00e9es, une premi\u00e8re \u00e9tape\u00a0: v\u00e9rifier que personne n\u2019est \u00e0 l\u2019int\u00e9rieur. Deux policiers sont envoy\u00e9s en reconnaissance, avant l\u2019intervention d\u2019une technicienne pour constater que le b\u00e2timent est en p\u00e9ril. \u00ab\u00a0Si jamais des squatteurs y p\u00e9n\u00e8trent une nouvelle fois, il y a vraiment de gros risques\u00a0\u00bb, pr\u00e9cise un agent sur place.<\/p>\n","protected":false},"excerpt":{"rendered":"Une odeur \u00e2cre emplie encore le cours de l\u2019Argonne, \u00e0 Bordeaux, ce mercredi 20\u00a0ao\u00fbt au matin. La veille,&hellip;\n","protected":false},"author":2,"featured_media":332184,"comment_status":"","ping_status":"","sticky":false,"template":"","format":"standard","meta":{"footnotes":""},"categories":[2817],"tags":[1111,11,1997,1777,674,1011,27,12,2219,25],"class_list":{"0":"post-332183","1":"post","2":"type-post","3":"status-publish","4":"format-standard","5":"has-post-thumbnail","7":"category-bordeaux","8":"tag-actu","9":"tag-actualites","10":"tag-bordeaux","11":"tag-eu","12":"tag-europe","13":"tag-fr","14":"tag-france","15":"tag-news","16":"tag-nouvelle-aquitaine","17":"tag-republique-francaise"},"share_on_mastodon":{"url":"","error":""},"_links":{"self":[{"href":"https:\/\/www.europesays.com\/fr\/wp-json\/wp\/v2\/posts\/332183","targetHints":{"allow":["GET"]}}],"collection":[{"href":"https:\/\/www.europesays.com\/fr\/wp-json\/wp\/v2\/posts"}],"about":[{"href":"https:\/\/www.europesays.com\/fr\/wp-json\/wp\/v2\/types\/post"}],"author":[{"embeddable":true,"href":"https:\/\/www.europesays.com\/fr\/wp-json\/wp\/v2\/users\/2"}],"replies":[{"embeddable":true,"href":"https:\/\/www.europesays.com\/fr\/wp-json\/wp\/v2\/comments?post=332183"}],"version-history":[{"count":0,"href":"https:\/\/www.europesays.com\/fr\/wp-json\/wp\/v2\/posts\/332183\/revisions"}],"wp:featuredmedia":[{"embeddable":true,"href":"https:\/\/www.europesays.com\/fr\/wp-json\/wp\/v2\/media\/332184"}],"wp:attachment":[{"href":"https:\/\/www.europesays.com\/fr\/wp-json\/wp\/v2\/media?parent=332183"}],"wp:term":[{"taxonomy":"category","embeddable":true,"href":"https:\/\/www.europesays.com\/fr\/wp-json\/wp\/v2\/categories?post=332183"},{"taxonomy":"post_tag","embeddable":true,"href":"https:\/\/www.europesays.com\/fr\/wp-json\/wp\/v2\/tags?post=332183"}],"curies":[{"name":"wp","href":"https:\/\/api.w.org\/{rel}","templated":true}]}}