{"id":332185,"date":"2025-08-20T18:29:14","date_gmt":"2025-08-20T18:29:14","guid":{"rendered":"https:\/\/www.europesays.com\/fr\/332185\/"},"modified":"2025-08-20T18:29:14","modified_gmt":"2025-08-20T18:29:14","slug":"sortir-a-toulouse-que-faire-ce-week-end-voici-7-evenements-a-ne-pas-manquer","status":"publish","type":"post","link":"https:\/\/www.europesays.com\/fr\/332185\/","title":{"rendered":"Sortir \u00e0 Toulouse. Que faire ce week-end ? Voici 7 \u00e9v\u00e9nements \u00e0 ne pas manquer"},"content":{"rendered":"<p>            Par<br \/>\n        <strong><br \/>\n            <a href=\"https:\/\/actu.fr\/auteur\/gabriel-kenedi\" title=\"Consulter tous les articles de Gabriel Kenedi\" target=\"_blank\" rel=\"noopener\">Gabriel Kenedi<\/a><br \/>\n        <\/strong><\/p>\n<p>        Publi\u00e9 le<\/p>\n<p>            20 ao\u00fbt 2025 \u00e0 19h26        <\/p>\n<p>Que faire \u00e0 <strong>Toulouse<\/strong> et en Haute-Garonne, ce week-end ? Comme chaque semaine, <a href=\"https:\/\/actu.fr\/toulouse\/loisirs-culture\" target=\"_blank\" rel=\"noopener\">la r\u00e9daction d\u2019Actu Toulouse<\/a> vous propose une s\u00e9lection de sorties \u00e0 ne pas manquer, \u00e0 faire du vendredi 22 au dimanche 24 ao\u00fbt 2025 dans la Ville rose et aux alentours. Suivez le guide !\u00a0<\/p>\n<p>#1. L\u2019Agit au vert pose ses chapiteaux aux Argoulets\u00a0<br \/>\n    <img   decoding=\"async\" loading=\"lazy\" src=\"https:\/\/www.europesays.com\/fr\/wp-content\/uploads\/2025\/08\/agitauvert-2021-3714-c-samuel-lahu-960x640.jpg\" alt=\"L'Agit au vert pose ses chapiteaux pendant trois jours, aux Argoulets, et proposera pas moins de 12 spectacles autour des arts vivants. \" width=\"960\" height=\"640\"\/><br \/>\n    L\u2019Agit au vert pose ses chapiteaux pendant trois jours, aux Argoulets, et proposera pas moins de 12 spectacles autour des arts vivants. (\u00a9Samuel Lahu)<\/p>\n<p class=\" wall-content\">Grand rendez-vous du\u00a0spectacle\u00a0itin\u00e9rant, le festival \u00ab\u00a0l\u2019Agit au vert\u00a0\u00bb pose ses chapiteaux\u00a0du vendredi 22 au dimanche 24 ao\u00fbt\u00a0\u00e0 Toulouse sur l\u2019esplanade du Lido, au pied de la station de m\u00e9tro Argoulets :\u00a0le grand pr\u00e9 devant le Lido, centre des arts du cirque de Toulouse.<br \/>C\u2019est la dix-neuvi\u00e8me \u00e9dition de cet<strong> \u00e9v\u00e9nement culturel en plein air<\/strong>, cr\u00e9\u00e9 en 2003 et devenu biennal en 2018.<\/p>\n<p class=\" wall-content\">Th\u00e9\u00e2tre, rue, clown, cirque, jeune public, concerts-spectacles\u2026 <strong>Douze spectacles<\/strong> seront propos\u00e9s durant trois jours, au croisement des arts vivants : th\u00e9\u00e2tre, th\u00e9\u00e2tre de rue, th\u00e9\u00e2tre clownesque, cirque contemporain,\u00a0spectacle\u00a0jeune public, concert-spectacle, concert\u00a0tout court, arts visuels, arts plastiques\u2026<\/p>\n<p class=\" wall-content\">C\u00f4t\u00e9 tarifs, chaque spectacle est \u00e0 14\/10 \u20ac et des pass sont propos\u00e9s : deux spectacles 20\/16 \u20ac, trois spectacles 24\/18 \u20ac, quatre spectacles (samedi) 28\/20 \u20ac. Le pass trois jours pour assister \u00e0 tous les spectacles plafonne \u00e0 65\/50 \u20ac.<\/p>\n<p>R\u00e9servations en ligne\u00a0:\u00a0billetterie.festik.net\/agit-theatre<br \/>\nRenseignements et r\u00e9servations\u00a0: l\u2019Agit \/ 07 69 80 27 26 \/ <a href=\"https:\/\/actu.fr\/cdn-cgi\/l\/email-protection\" class=\"__cf_email__\" data-cfemail=\"a2c3c5cbd6d6cac7c3d6d0c7e2c5cfc3cbce8cc1cdcf\" target=\"_blank\" rel=\"noopener\">[email\u00a0protected]<\/a>.#2. Steel Pulse, un groupe mythique au Bikini\u00a0<br \/>\n    <img   decoding=\"async\" loading=\"lazy\" src=\"https:\/\/www.europesays.com\/fr\/wp-content\/uploads\/2025\/08\/steel-pulse-11-17-2022-hess-49-960x640.jpg\" alt=\"Le groupe Steel Pulse sera sur la sc\u00e8ne du Bikini, vendredi 22 ao\u00fbt. \" width=\"960\" height=\"640\"\/><br \/>\n    Le groupe Steel Pulse sera sur la sc\u00e8ne du Bikini, vendredi 22 ao\u00fbt. (\u00a9AlanHess)<\/p>\n<p>Votre r\u00e9gion, votre actu !<\/p>\n<p>Recevez chaque jour les infos qui comptent pour vous.<\/p>\n<p>\t<a href=\"https:\/\/actu.fr\/newsletter\" class=\"ac-btn ac-btn--corner ac-btn--medium ac-btn--blue800\" target=\"_blank\" rel=\"noopener\">S&rsquo;incrire<\/a><\/p>\n<p class=\" wall-content\">Les amateurs de \u00ab\u00a0reggae music\u00a0\u00bb ont sans doute d\u00e9j\u00e0 rep\u00e9r\u00e9 la date depuis plusieurs semaines : le groupe l\u00e9gendaire <strong>Steel Pulse<\/strong> sera au Bikini, vendredi 22 ao\u00fbt, et c\u2019est forc\u00e9ment un \u00e9v\u00e9nement.\u00a0<\/p>\n<p class=\" wall-content\">Originaire de Birmingham, en Angleterre, Steel Pulse a vu le jour en 1975 avec une musique qui incite \u00e0 une r\u00e9flexion sur l\u2019unification mondiale. Des titres comme Chant a Psalm figurent dans le classement des 200 meilleures chansons des ann\u00e9es 1980 du Rolling Stone.<\/p>\n<p class=\" wall-content\"><strong>Nomm\u00e9 six fois aux Grammy Awards<\/strong>, le groupe a remport\u00e9 le Grammy du meilleur album reggae avec Babylon the Bandit. La cr\u00e9ativit\u00e9 du chanteur et guitariste David Hinds, ainsi que sa vision humaniste, se r\u00e9v\u00e8lent dans des compositions inspirantes qui traduisent les effets de la diaspora africaine.<\/p>\n<p>Vendredi 22 ao\u00fbt au Bikini, \u00e0 Ramonville. Tarifs : 29,9\u20ac en pr\u00e9vente, 35 euros sur place. Plus d\u2019infos <a href=\"https:\/\/lebikini.com\/2025\/08\/22\/steel-pulse\" target=\"_blank\" rel=\"noopener\">sur le site du Bikini<\/a>.\u00a0#3. Toulouse Plages et La Ram\u00e9e Plage, derniers instants !\u00a0<br \/>\n    <img   decoding=\"async\" loading=\"lazy\" src=\"https:\/\/www.europesays.com\/fr\/wp-content\/uploads\/2025\/08\/plage-la-ramee-DSS.JPG\" alt=\"Avec pr\u00e8s d'un millier de personnes par jour en moyenne, la plage de La Ram\u00e9e a trouv\u00e9 son public \u00e0 Toulouse (Photo : C\u00f4t\u00e9 Toulouse\/David Saint-Sernin)\" width=\"630\" height=\"420\"\/><br \/>\n    La Ram\u00e9e Plage, c\u2019est jusqu\u2019\u00e0 ce week-end !\u00a0 (Photo : C\u00f4t\u00e9 Toulouse\/David Saint-Sernin)<\/p>\n<p class=\" wall-content\">Toulouse Plages et La Ram\u00e9e Plage, c\u2019est presque fini ! Apr\u00e8s <strong>un mois d\u2019activit\u00e9s nautiques<\/strong>, de jeux en tous genres, de sport et de bien d\u2019autres divertissements, Toulouse Plages fermera ses portes le dimanche 24 ao\u00fbt 2025\u2026 tout comme <strong>La Ram\u00e9e Plage<\/strong>, le spot de baignade surveill\u00e9e situ\u00e9e \u00e0 Tournefeuille !\u00a0 Ce week-end est donc l\u2019une des derni\u00e8res occasion d\u2019en profiter !\u00a0<\/p>\n<p>Entr\u00e9e libre. Plus d\u2019infos sur le site de la mairie.\u00a0<\/p>\n<p>#4. The Chemical Brothers au Poney Club<br \/>\n    <img   decoding=\"async\" loading=\"lazy\" src=\"https:\/\/www.europesays.com\/fr\/wp-content\/uploads\/2025\/08\/poney-club-toulouse-960x640.jpg\" alt=\"La tr\u00e8s pris\u00e9e guinguette-discoth\u00e8que du Poney Club (ici lors de la derni\u00e8re saison \u00e0 La C\u00e9pi\u00e8re) est de retour pour l'\u00e9t\u00e9 2023 et pose ses valises\u2026 \u00e0 l'a\u00e9roport !\" width=\"960\" height=\"640\"\/><br \/>\n    Le Poney Club fait venir le mythique duo The Chemical Brothers, vendredi 22 ao\u00fbt. Leur unique date en France. ! (\u00a9Poney Club)<\/p>\n<p class=\" wall-content\">C\u2019est une sacr\u00e9e date pour le<strong> Poney Club<\/strong>. Le mythique groupe \u00e9lectro The Chemical Brothers d\u00e9barque au bord des pistes de l\u2019a\u00e9roport de Toulouse-Blagnac pour un DJ set exclusif de trois heures, vendredi 22 ao\u00fbt 2025.<\/p>\n<p class=\" wall-content\">Pr\u00e9sents dans le cadre du festival Pink Paradize, il s\u2019agira de<strong> l\u2019unique date en France<\/strong> du duo britannique The Chemical Brothers, et de leur tout premier concert \u00e0 Toulouse. Ils seront pr\u00e9sents dans le cadre du festival Pink Paradize, et offriront \u00e0 cette occasion un DJ set de trois heures. Pour les plus f\u00eatards, un after est \u00e9galement pr\u00e9vu au Bikini.\u00a0<\/p>\n<p>\u00c0 partir de 40 euros. Plus d\u2019infos <a href=\"https:\/\/www.poneyclubtoulouse.fr\/\" target=\"_blank\" rel=\"noopener\">sur le site du Poney Club<\/a>.\u00a0#5. Un village des Arts africains \u00e0 d\u00e9couvrir<\/p>\n<p class=\" wall-content\">Ce week-end, venez vibrer au rythme des cultures africaines en plein c\u0153ur de Toulouse ! Organis\u00e9 par Africlap dans le cadre du festival, le <strong>village des arts africains<\/strong> vous ouvre ses portes pour la 4\u00e8me ann\u00e9e avec le th\u00e8me \u00ab \u00c9QUATOPHONIC \u00bb, une \u00e9dition qui met \u00e0 l\u2019honneur les pays de la zone \u00e9quatoriale africaine \u2013 Cameroun, Gabon, R\u00e9publique centrafricaine, R\u00e9publique du Congo, Guin\u00e9e \u00e9quatoriale et R\u00e9publique d\u00e9mocratique du Congo.<\/p>\n<p class=\" wall-content\">Au programme : march\u00e9 artisanal, concerts, cin\u00e9ma en plein air, expositions de photos et de peintures, rencontres, d\u00e9bats, conf\u00e9rences musicales, litt\u00e9rature, contes et art de la table. Vous retrouvez \u00e9galement sur place une offre culinaire riche et savoureuse, un espace bar avec ses sc\u00e8nes musicales. Et l\u2019entr\u00e9e est gratuite !\u00a0<\/p>\n<p>\u00c0 partir du 20 ao\u00fbt et jusqu\u2019au 24 ao\u00fbt, sur les all\u00e9es Jules Guesde, \u00e0 Toulouse, de 10h00 \u00e0 23h00.<\/p>\n<p>#6. Un march\u00e9 de cr\u00e9ateurs sur la place Saint-Pierre<\/p>\n<p class=\" wall-content\">Plus d\u2019une <strong>quarantaine de cr\u00e9ateurs<\/strong> vous attendent, dimanche 24 ao\u00fbt, sur la place Saint-Pierre ! Venez fl\u00e2ner sur cette place incontournable situ\u00e9e en bord de Garonne et d\u00e9nicher des cr\u00e9ations uniques et vari\u00e9es : bijoux, meubles, articles de mode, maroquinerie, d\u00e9co, articles pour enfants\u2026<\/p>\n<p>Le 24 ao\u00fbt, de 10h \u00e0 19h00, sur la place Saint-Pierre.\u00a0<\/p>\n<p>#7. La F\u00eate des Fleurs \u00e0 Luchon<br \/>\n    <img   decoding=\"async\" loading=\"lazy\" src=\"https:\/\/www.europesays.com\/fr\/wp-content\/uploads\/2025\/08\/fete-des-fleurs-luchon-2024-960x640.jpg\" alt=\"La F\u00eate des Fleurs revient \u00e0 Luchon, du 22 au 24 ao\u00fbt 2025, pour une 122e \u00e9dition. \" width=\"960\" height=\"640\"\/><br \/>\n    La F\u00eate des Fleurs revient \u00e0 Luchon, du 22 au 24 ao\u00fbt 2025, pour une 122e \u00e9dition. (\u00a9Office Tourisme Luchon)<\/p>\n<p class=\" wall-content\">C\u2019est l\u2019un des rendez-vous estivaux les plus attendus des Pyr\u00e9n\u00e9es et une tradition qui enchante<strong> depuis plus d\u2019un si\u00e8cle<\/strong> : la F\u00eate des Fleurs de Luchon revient pour sa 122\u1d49 \u00e9dition du 22 au 24 ao\u00fbt 2025, avec pour th\u00e8me \u201cLes transports au fil du temps\u201d. Pendant trois jours, la ville se pare de mille couleurs et parfums, au rythme des fanfares, des d\u00e9fil\u00e9s et des animations qui s\u00e9duisent petits et grands. Un rendez-vous incontournable de l\u2019\u00e9t\u00e9 en Haute-Garonne !\u00a0<\/p>\n<p class=\" wall-content\">Personnalisez votre actualit\u00e9 en ajoutant vos villes et m\u00e9dias en favori avec <a href=\"https:\/\/moncompte.actu.fr\" title=\"D\u00e9couvez Mon Actu\" rel=\"nofollow noopener\" data-trk=\"{&quot;cta&quot;:{&quot;action&quot;:&quot;https:\\\/\\\/moncompte.actu.fr&quot;,&quot;category&quot;:&quot;mon compte&quot;,&quot;from&quot;:&quot;article footer&quot;,&quot;name&quot;:&quot;Mon actu&quot;,&quot;type&quot;:&quot;cta&quot;}}\" target=\"_blank\">Mon Actu<\/a>.<\/p>\n","protected":false},"excerpt":{"rendered":"Par Gabriel Kenedi Publi\u00e9 le 20 ao\u00fbt 2025 \u00e0 19h26 Que faire \u00e0 Toulouse et en Haute-Garonne, ce&hellip;\n","protected":false},"author":2,"featured_media":332186,"comment_status":"","ping_status":"","sticky":false,"template":"","format":"standard","meta":{"footnotes":""},"categories":[2816],"tags":[1111,11,1777,674,1011,27,3478,1652,12,2680,25,1341,2312],"class_list":{"0":"post-332185","1":"post","2":"type-post","3":"status-publish","4":"format-standard","5":"has-post-thumbnail","7":"category-toulouse","8":"tag-actu","9":"tag-actualites","10":"tag-eu","11":"tag-europe","12":"tag-fr","13":"tag-france","14":"tag-le-bikini","15":"tag-loisirs-culture","16":"tag-news","17":"tag-occitanie","18":"tag-republique-francaise","19":"tag-sortir-a-toulouse","20":"tag-toulouse"},"share_on_mastodon":{"url":"https:\/\/pubeurope.com\/@fr\/115062516303015886","error":""},"_links":{"self":[{"href":"https:\/\/www.europesays.com\/fr\/wp-json\/wp\/v2\/posts\/332185","targetHints":{"allow":["GET"]}}],"collection":[{"href":"https:\/\/www.europesays.com\/fr\/wp-json\/wp\/v2\/posts"}],"about":[{"href":"https:\/\/www.europesays.com\/fr\/wp-json\/wp\/v2\/types\/post"}],"author":[{"embeddable":true,"href":"https:\/\/www.europesays.com\/fr\/wp-json\/wp\/v2\/users\/2"}],"replies":[{"embeddable":true,"href":"https:\/\/www.europesays.com\/fr\/wp-json\/wp\/v2\/comments?post=332185"}],"version-history":[{"count":0,"href":"https:\/\/www.europesays.com\/fr\/wp-json\/wp\/v2\/posts\/332185\/revisions"}],"wp:featuredmedia":[{"embeddable":true,"href":"https:\/\/www.europesays.com\/fr\/wp-json\/wp\/v2\/media\/332186"}],"wp:attachment":[{"href":"https:\/\/www.europesays.com\/fr\/wp-json\/wp\/v2\/media?parent=332185"}],"wp:term":[{"taxonomy":"category","embeddable":true,"href":"https:\/\/www.europesays.com\/fr\/wp-json\/wp\/v2\/categories?post=332185"},{"taxonomy":"post_tag","embeddable":true,"href":"https:\/\/www.europesays.com\/fr\/wp-json\/wp\/v2\/tags?post=332185"}],"curies":[{"name":"wp","href":"https:\/\/api.w.org\/{rel}","templated":true}]}}