{"id":332187,"date":"2025-08-20T18:30:11","date_gmt":"2025-08-20T18:30:11","guid":{"rendered":"https:\/\/www.europesays.com\/fr\/332187\/"},"modified":"2025-08-20T18:30:11","modified_gmt":"2025-08-20T18:30:11","slug":"une-vingtaine-de-soldats-du-feu-deployes","status":"publish","type":"post","link":"https:\/\/www.europesays.com\/fr\/332187\/","title":{"rendered":"une vingtaine de soldats du feu d\u00e9ploy\u00e9s"},"content":{"rendered":"<p>            Par<br \/>\n        <strong><br \/>\n            <a href=\"https:\/\/actu.fr\/auteur\/anaelle-montagne\" title=\"Consulter tous les articles de Anaelle Montagne\" rel=\"nofollow noopener\" target=\"_blank\">Anaelle Montagne<\/a><br \/>\n        <\/strong><\/p>\n<p>        Publi\u00e9 le<\/p>\n<p>            20 ao\u00fbt 2025 \u00e0 19h46        <\/p>\n<p>La commune de <a href=\"https:\/\/actu.fr\/occitanie\/fronton_31202\" rel=\"nofollow noopener\" target=\"_blank\">Fronton<\/a> a \u00e9t\u00e9 le th\u00e9\u00e2tre d\u2019un <strong>violent feu de maison<\/strong>, ce mercredi 20 ao\u00fbt 2025, en d\u00e9but d\u2019apr\u00e8s-midi. Les pompiers ont \u00e9t\u00e9 appel\u00e9s \u00e0 14h45 pour intervenir chemin de Pourradel, o\u00f9 ils ont d\u00e9couvert un impressionnant incendie dans une maison de plain-pied de 80 m\u00e8tres carr\u00e9s.<\/p>\n<p>    <a href=\"https:\/\/www.google.com\/maps\/embed?pb=!1m18!1m12!1m3!1d136838.69606975402!2d1.3501179192714177!3d43.89200210152444!2m3!1f0!2f0!3f0!3m2!1i1024!2i768!4f13.1!3m3!1m2!1s0x12ac1ce4ec2c2053%3A0xa1f02c48f0741710!2s375%20Chem.%20de%20Pourradel%2C%2031620%20Fronton!5e0!3m2!1sen!2sfr!4v1755709724907!5m2!1sen!2sfr\" title=\"Ouvrie le lien\" rel=\"nofollow noopener\" target=\"_blank\">Cliquez ici pour visualiser le contenu<\/a><\/p>\n<p>Une vingtaine de pompiers<\/p>\n<p class=\" wall-content\">Au total,<strong> 19 soldats du feu<\/strong> ont \u00e9t\u00e9 d\u00e9ploy\u00e9s sur place. \u00ab\u00a0Une mise en action rapide de deux lances \u00e0 incendie a permis de limiter la propagation du sinistre au restant de l\u2019habitation et d\u2019\u00e9teindre le brasier\u00a0\u00bb, indique le SDIS 31.<\/p>\n<p class=\" wall-content\">Heureusement, les occupants de la maison avaient \u00e9t\u00e9 <strong>\u00e9vacu\u00e9s<\/strong> avant l\u2019arriv\u00e9e des secours.<\/p>\n<p class=\" wall-content\">Personnalisez votre actualit\u00e9 en ajoutant vos villes et m\u00e9dias en favori avec <a href=\"https:\/\/moncompte.actu.fr\" title=\"D\u00e9couvez Mon Actu\" rel=\"nofollow noopener\" data-trk=\"{&quot;cta&quot;:{&quot;action&quot;:&quot;https:\\\/\\\/moncompte.actu.fr&quot;,&quot;category&quot;:&quot;mon compte&quot;,&quot;from&quot;:&quot;article footer&quot;,&quot;name&quot;:&quot;Mon actu&quot;,&quot;type&quot;:&quot;cta&quot;}}\" target=\"_blank\">Mon Actu<\/a>.<\/p>\n","protected":false},"excerpt":{"rendered":"Par Anaelle Montagne Publi\u00e9 le 20 ao\u00fbt 2025 \u00e0 19h46 La commune de Fronton a \u00e9t\u00e9 le th\u00e9\u00e2tre&hellip;\n","protected":false},"author":2,"featured_media":332188,"comment_status":"","ping_status":"","sticky":false,"template":"","format":"standard","meta":{"footnotes":""},"categories":[2816],"tags":[1111,11,1777,674,118,1011,27,12,2680,25,2312],"class_list":{"0":"post-332187","1":"post","2":"type-post","3":"status-publish","4":"format-standard","5":"has-post-thumbnail","7":"category-toulouse","8":"tag-actu","9":"tag-actualites","10":"tag-eu","11":"tag-europe","12":"tag-faits-divers","13":"tag-fr","14":"tag-france","15":"tag-news","16":"tag-occitanie","17":"tag-republique-francaise","18":"tag-toulouse"},"share_on_mastodon":{"url":"https:\/\/pubeurope.com\/@fr\/115062520097911254","error":""},"_links":{"self":[{"href":"https:\/\/www.europesays.com\/fr\/wp-json\/wp\/v2\/posts\/332187","targetHints":{"allow":["GET"]}}],"collection":[{"href":"https:\/\/www.europesays.com\/fr\/wp-json\/wp\/v2\/posts"}],"about":[{"href":"https:\/\/www.europesays.com\/fr\/wp-json\/wp\/v2\/types\/post"}],"author":[{"embeddable":true,"href":"https:\/\/www.europesays.com\/fr\/wp-json\/wp\/v2\/users\/2"}],"replies":[{"embeddable":true,"href":"https:\/\/www.europesays.com\/fr\/wp-json\/wp\/v2\/comments?post=332187"}],"version-history":[{"count":0,"href":"https:\/\/www.europesays.com\/fr\/wp-json\/wp\/v2\/posts\/332187\/revisions"}],"wp:featuredmedia":[{"embeddable":true,"href":"https:\/\/www.europesays.com\/fr\/wp-json\/wp\/v2\/media\/332188"}],"wp:attachment":[{"href":"https:\/\/www.europesays.com\/fr\/wp-json\/wp\/v2\/media?parent=332187"}],"wp:term":[{"taxonomy":"category","embeddable":true,"href":"https:\/\/www.europesays.com\/fr\/wp-json\/wp\/v2\/categories?post=332187"},{"taxonomy":"post_tag","embeddable":true,"href":"https:\/\/www.europesays.com\/fr\/wp-json\/wp\/v2\/tags?post=332187"}],"curies":[{"name":"wp","href":"https:\/\/api.w.org\/{rel}","templated":true}]}}