{"id":332189,"date":"2025-08-20T18:32:11","date_gmt":"2025-08-20T18:32:11","guid":{"rendered":"https:\/\/www.europesays.com\/fr\/332189\/"},"modified":"2025-08-20T18:32:11","modified_gmt":"2025-08-20T18:32:11","slug":"il-retrouve-le-voleur-qui-lavait-depouille-et-le-livre-a-la-police","status":"publish","type":"post","link":"https:\/\/www.europesays.com\/fr\/332189\/","title":{"rendered":"il retrouve le voleur qui l\u2019avait d\u00e9pouill\u00e9 et le livre \u00e0 la police"},"content":{"rendered":"<p>Un homme de 49\u00a0ans, victime d\u2019un vol dans sa voiture le 15\u00a0ao\u00fbt 2025 \u00e0 Lille (<a target=\"_self\" href=\"https:\/\/www.lanouvellerepublique.fr\/nord\" rel=\"noopener\">Nord<\/a>), s\u2019est lanc\u00e9 \u00e0 la poursuite d\u2019un suspect, rapporte <a target=\"_blank\" href=\"https:\/\/www.lavoixdunord.fr\/1616149\/article\/2025-08-18\/lille-victime-d-un-vol-dans-sa-voiture-il-retrouve-et-interpelle-lui-meme-le\" rel=\"noopener\">La Voix du Nord<\/a>. Il l\u2019a reconnu gr\u00e2ce au syst\u00e8me de vid\u00e9osurveillance dont est \u00e9quip\u00e9 son v\u00e9hicule alors qu\u2019il passait pr\u00e8s de lui \u00e0 v\u00e9lo.<\/p>\n<p>Il a r\u00e9ussi \u00e0 le rattraper, \u00e0 l\u2019arr\u00eater et \u00e0 le maintenir au sol jusqu\u2019\u00e0 l\u2019arriv\u00e9e des policiers. Dans son sac \u00e0 dos, ces derniers d\u00e9couvrent deux casques audio et un vase appartenant \u00e0 la victime.<\/p>\n<p>Une deuxi\u00e8me victime identifi\u00e9e<\/p>\n<p>D\u2019autres objets dont une tablette et un ordinateur ont \u00e9galement \u00e9t\u00e9 retrouv\u00e9s dans le sac. L\u2019ordinateur a permis d\u2019identifier un autre homme, dont les affaires avaient \u00e9t\u00e9 vol\u00e9es dans son v\u00e9hicule le m\u00eame jour. Le suspect a \u00e9t\u00e9 plac\u00e9 en garde \u00e0 vue et est poursuivi pour deux vols, apr\u00e8s les plaintes des deux victimes.<\/p>\n","protected":false},"excerpt":{"rendered":"Un homme de 49\u00a0ans, victime d\u2019un vol dans sa voiture le 15\u00a0ao\u00fbt 2025 \u00e0 Lille (Nord), s\u2019est lanc\u00e9&hellip;\n","protected":false},"author":2,"featured_media":332190,"comment_status":"","ping_status":"","sticky":false,"template":"","format":"standard","meta":{"footnotes":""},"categories":[2815],"tags":[1111,11,1674,1777,674,274,1011,27,811,1307,12,1308,25],"class_list":{"0":"post-332189","1":"post","2":"type-post","3":"status-publish","4":"format-standard","5":"has-post-thumbnail","7":"category-lille","8":"tag-actu","9":"tag-actualites","10":"tag-communes","11":"tag-eu","12":"tag-europe","13":"tag-faits-divers-justice","14":"tag-fr","15":"tag-france","16":"tag-hauts-de-france","17":"tag-lille","18":"tag-news","19":"tag-nord","20":"tag-republique-francaise"},"share_on_mastodon":{"url":"https:\/\/pubeurope.com\/@fr\/115062528010628331","error":""},"_links":{"self":[{"href":"https:\/\/www.europesays.com\/fr\/wp-json\/wp\/v2\/posts\/332189","targetHints":{"allow":["GET"]}}],"collection":[{"href":"https:\/\/www.europesays.com\/fr\/wp-json\/wp\/v2\/posts"}],"about":[{"href":"https:\/\/www.europesays.com\/fr\/wp-json\/wp\/v2\/types\/post"}],"author":[{"embeddable":true,"href":"https:\/\/www.europesays.com\/fr\/wp-json\/wp\/v2\/users\/2"}],"replies":[{"embeddable":true,"href":"https:\/\/www.europesays.com\/fr\/wp-json\/wp\/v2\/comments?post=332189"}],"version-history":[{"count":0,"href":"https:\/\/www.europesays.com\/fr\/wp-json\/wp\/v2\/posts\/332189\/revisions"}],"wp:featuredmedia":[{"embeddable":true,"href":"https:\/\/www.europesays.com\/fr\/wp-json\/wp\/v2\/media\/332190"}],"wp:attachment":[{"href":"https:\/\/www.europesays.com\/fr\/wp-json\/wp\/v2\/media?parent=332189"}],"wp:term":[{"taxonomy":"category","embeddable":true,"href":"https:\/\/www.europesays.com\/fr\/wp-json\/wp\/v2\/categories?post=332189"},{"taxonomy":"post_tag","embeddable":true,"href":"https:\/\/www.europesays.com\/fr\/wp-json\/wp\/v2\/tags?post=332189"}],"curies":[{"name":"wp","href":"https:\/\/api.w.org\/{rel}","templated":true}]}}