{"id":332191,"date":"2025-08-20T18:33:12","date_gmt":"2025-08-20T18:33:12","guid":{"rendered":"https:\/\/www.europesays.com\/fr\/332191\/"},"modified":"2025-08-20T18:33:12","modified_gmt":"2025-08-20T18:33:12","slug":"zelensky-a-un-choix-tres-difficile-a-faire-sauver-lukraine-ou-sauver-notre-peuple-temoignage-dune-ukrainienne","status":"publish","type":"post","link":"https:\/\/www.europesays.com\/fr\/332191\/","title":{"rendered":"\u00ab\u00a0Zelensky a un choix tr\u00e8s difficile \u00e0 faire : sauver l\u2019Ukraine ou sauver notre peuple\u00a0\u00bb : t\u00e9moignage d\u2019une Ukrainienne"},"content":{"rendered":"<p>\u00ab\u00a0\u00c9videmment, tout le monde attend que cette guerre s\u2019arr\u00eate. Nous mettons beaucoup d\u2019espoir dans cette rencontre. Mais je ne fais pas vraiment confiance \u00e0 Donald Trump. Tant qu\u2019il est \u00e0 la t\u00eate des\u00a0<a href=\"https:\/\/www.laprovence.com\/article\/politique\/76588992996174\/guerre-en-ukraine-vers-une-rencontre-poutine-zelensky-garanties-de-securite-ce-quil-faut-retenir-du-sommet-a-washington\" target=\"_blank\" rel=\"noopener\">\u00c9tats-Unis<\/a>, on ne peut pas compter sur ce pays. L\u2019Union europ\u00e9enne, c\u2019est elle notre espoir. J\u2019esp\u00e8re que l\u2019Europe va rester unie et qu\u2019elle pourra trouver une solution.<\/p>\n<p>Voir Poutine \u00eatre invit\u00e9 aux \u00c9tats-Unis, en Alaska, ce fut quelque chose de tr\u00e8s injuste pour nous, les Ukrainiens. C\u2019est <a href=\"https:\/\/www.laprovence.com\/article\/france-monde\/60019409667476\/guerre-en-ukraine-la-suisse-offrira-limmunite-a-poutine-sil-vient-pour-une-conference-de-paix\" target=\"_blank\" rel=\"noopener\">Poutine<\/a> qui a commenc\u00e9 la guerre, c\u2019est l\u2019arm\u00e9e russe qui commet des crimes de guerre en Ukraine. D\u00e9sormais, Zelensky a un choix tr\u00e8s difficile \u00e0 faire. D\u2019un c\u00f4t\u00e9, il doit sauver l\u2019Ukraine, de l\u2019autre, il doit sauver notre peuple.<\/p>\n","protected":false},"excerpt":{"rendered":"\u00ab\u00a0\u00c9videmment, tout le monde attend que cette guerre s\u2019arr\u00eate. Nous mettons beaucoup d\u2019espoir dans cette rencontre. Mais je&hellip;\n","protected":false},"author":2,"featured_media":332192,"comment_status":"","ping_status":"","sticky":false,"template":"","format":"standard","meta":{"footnotes":""},"categories":[2814],"tags":[17,1111,11,1102,13898,1448,1777,674,4560,1011,27,884,12,882,25,9874,104,3711,933,6746],"class_list":{"0":"post-332191","1":"post","2":"type-post","3":"status-publish","4":"format-standard","5":"has-post-thumbnail","7":"category-marseille","8":"tag-17","9":"tag-actu","10":"tag-actualites","11":"tag-breakingnews","12":"tag-choix","13":"tag-difficile","14":"tag-eu","15":"tag-europe","16":"tag-faire","17":"tag-fr","18":"tag-france","19":"tag-marseille","20":"tag-news","21":"tag-provence-alpes-cote-dazur","22":"tag-republique-francaise","23":"tag-sauver","24":"tag-societe","25":"tag-son","26":"tag-tres","27":"tag-zelensky"},"share_on_mastodon":{"url":"https:\/\/pubeurope.com\/@fr\/115062531957045050","error":""},"_links":{"self":[{"href":"https:\/\/www.europesays.com\/fr\/wp-json\/wp\/v2\/posts\/332191","targetHints":{"allow":["GET"]}}],"collection":[{"href":"https:\/\/www.europesays.com\/fr\/wp-json\/wp\/v2\/posts"}],"about":[{"href":"https:\/\/www.europesays.com\/fr\/wp-json\/wp\/v2\/types\/post"}],"author":[{"embeddable":true,"href":"https:\/\/www.europesays.com\/fr\/wp-json\/wp\/v2\/users\/2"}],"replies":[{"embeddable":true,"href":"https:\/\/www.europesays.com\/fr\/wp-json\/wp\/v2\/comments?post=332191"}],"version-history":[{"count":0,"href":"https:\/\/www.europesays.com\/fr\/wp-json\/wp\/v2\/posts\/332191\/revisions"}],"wp:featuredmedia":[{"embeddable":true,"href":"https:\/\/www.europesays.com\/fr\/wp-json\/wp\/v2\/media\/332192"}],"wp:attachment":[{"href":"https:\/\/www.europesays.com\/fr\/wp-json\/wp\/v2\/media?parent=332191"}],"wp:term":[{"taxonomy":"category","embeddable":true,"href":"https:\/\/www.europesays.com\/fr\/wp-json\/wp\/v2\/categories?post=332191"},{"taxonomy":"post_tag","embeddable":true,"href":"https:\/\/www.europesays.com\/fr\/wp-json\/wp\/v2\/tags?post=332191"}],"curies":[{"name":"wp","href":"https:\/\/api.w.org\/{rel}","templated":true}]}}