{"id":332193,"date":"2025-08-20T18:34:18","date_gmt":"2025-08-20T18:34:18","guid":{"rendered":"https:\/\/www.europesays.com\/fr\/332193\/"},"modified":"2025-08-20T18:34:18","modified_gmt":"2025-08-20T18:34:18","slug":"mercato-om-marseille-accelere-pour-tsimikas-barre-a-liverpool","status":"publish","type":"post","link":"https:\/\/www.europesays.com\/fr\/332193\/","title":{"rendered":"Mercato OM : Marseille acc\u00e9l\u00e8re pour Tsim\u00edkas, barr\u00e9 \u00e0 Liverpool"},"content":{"rendered":"<p>L\u2019OM vise du renfort apr\u00e8s un d\u00e9but de saison chaotique<\/p>\n<p><a class=\"transfer-icon\" href=\"https:\/\/www.lephoceen.fr\/infos-om\/mercato\/mercato-om-explication-des-feux-verts-pour-les-depeches-mercato-203957\" data-icon=\"nonofficial1\" rel=\"nofollow noopener\" target=\"_blank\"><img decoding=\"async\" style=\"display:inline-flex\" src=\"https:\/\/www.europesays.com\/fr\/wp-content\/uploads\/2025\/05\/nonofficiel1.png\"\/><\/a>Le d\u00e9but de saison 2025-2026 de l\u2019<strong>Olympique de Marseille<\/strong> a pris une tournure inattendue. Battus par <strong>Rennes<\/strong>, pourtant r\u00e9duits \u00e0 dix pendant plus d\u2019une heure, les hommes de <strong>Roberto De Zerbi<\/strong> ont vu leur belle pr\u00e9paration estivale brutalement remise en question. En coulisses, l\u2019ambiance s\u2019est aussi d\u00e9grad\u00e9e : une altercation violente entre deux recrues estivales, <strong>Jonathan Rowe<\/strong> et <strong>Adrien Rabiot<\/strong>, a pouss\u00e9 la direction \u00e0 r\u00e9agir fermement. Tous deux ont \u00e9t\u00e9 \u00e9cart\u00e9s du groupe et plac\u00e9s sur la liste des transferts.<\/p>\n<p>Le couloir gauche en priorit\u00e9<\/p>\n<p>Au-del\u00e0 des turbulences internes, le staff olympien poursuit son travail de reconstruction. Et un poste cristallise les attentions : le flanc gauche de la d\u00e9fense. Depuis le d\u00e9part de <strong>Quentin Merlin<\/strong>, seul <strong>Ulisses Garcia<\/strong> occupe le r\u00f4le de lat\u00e9ral gauche de m\u00e9tier. Une situation intenable sur la dur\u00e9e d\u2019une saison. C\u2019est dans ce contexte que l\u2019OM explore la piste menant \u00e0 <strong>K\u00f3stas Tsim\u00edkas<\/strong>, selon les informations de notre partenaire\u00a0Foot Mercato.<\/p>\n<p>Tsim\u00edkas, une opportunit\u00e9 \u00e0 saisir<\/p>\n<p>\u00c2g\u00e9 de 29 ans, le lat\u00e9ral grec sort d\u2019une saison mitig\u00e9e \u00e0 <strong>Liverpool<\/strong>, o\u00f9 il n\u2019a jamais r\u00e9ussi \u00e0 bousculer la hi\u00e9rarchie \u00e9tablie par Andrew Robertson. L\u2019arriv\u00e9e cet \u00e9t\u00e9 de Milos Kerkez, recrut\u00e9 pour pr\u00e8s de 50 millions d\u2019euros, a d\u00e9finitivement rel\u00e9gu\u00e9 Tsim\u00edkas au rang de troisi\u00e8me choix. Malgr\u00e9 29 apparitions la saison derni\u00e8re, son avenir s\u2019\u00e9crit d\u00e9sormais loin d\u2019Anfield. Le joueur compte 41 s\u00e9lections avec la Gr\u00e8ce et se montre ouvert \u00e0 un nouveau d\u00e9fi.<\/p>\n<p>Un profil compatible avec le projet De Zerbi<\/p>\n<p>Offensif, technique et capable de r\u00e9p\u00e9ter les efforts dans son couloir, Tsim\u00edkas semble parfaitement coller aux principes de jeu de Roberto De Zerbi. Sa capacit\u00e9 \u00e0 se projeter et \u00e0 alimenter les phases de possession dans les petits espaces fait de lui un renfort coh\u00e9rent avec le syst\u00e8me voulu par le coach italien. Reste \u00e0 convaincre le joueur et son entourage, ainsi qu\u2019\u00e0 n\u00e9gocier avec Liverpool, qui pourrait ne pas \u00eatre trop exigeant au vu de la situation contractuelle du joueur.<\/p>\n<p>Un mercato encore loin d\u2019\u00eatre termin\u00e9<\/p>\n<p>Avec les d\u00e9parts probables de Rowe et Rabiot, et la recherche active de plusieurs profils, l\u2019\u00e9t\u00e9 olympien est encore loin d\u2019\u00eatre termin\u00e9. Si la piste Tsim\u00edkas se concr\u00e9tise, elle viendrait soulager un secteur d\u00e9peupl\u00e9 et envoyer un signal fort sur la volont\u00e9 du club de corriger rapidement ses failles. Pablo Longoria et Medhi Benatia sont \u00e0 la man\u0153uvre, dans un contexte o\u00f9 chaque mouvement est d\u00e9sormais scrut\u00e9 de pr\u00e8s.<\/p>\n<p>Notre r\u00f4le, c\u2019est de vous faciliter la vie : on rassemble un max d\u2019infos sur l\u2019OM au m\u00eame endroit, m\u00eame quand les sources se contredisent. Oui, \u00e7a arrive, mais c\u2019est le jeu du mercato et de l\u2019info en continu.<br \/>\nCe qu\u2019on veut, c\u2019est que vous ne manquiez rien sur notre club de c\u0153ur. Et comme aimer l\u2019OM, c\u2019est aussi aimer le foot, on vous relaye chaque jour l\u2019essentiel de ce sport qui nous fait vibrer.<\/p>\n","protected":false},"excerpt":{"rendered":"L\u2019OM vise du renfort apr\u00e8s un d\u00e9but de saison chaotique Le d\u00e9but de saison 2025-2026 de l\u2019Olympique de&hellip;\n","protected":false},"author":2,"featured_media":84429,"comment_status":"","ping_status":"","sticky":false,"template":"","format":"standard","meta":{"footnotes":""},"categories":[2814],"tags":[1111,11,1777,674,1011,27,884,12,882,25],"class_list":{"0":"post-332193","1":"post","2":"type-post","3":"status-publish","4":"format-standard","5":"has-post-thumbnail","7":"category-marseille","8":"tag-actu","9":"tag-actualites","10":"tag-eu","11":"tag-europe","12":"tag-fr","13":"tag-france","14":"tag-marseille","15":"tag-news","16":"tag-provence-alpes-cote-dazur","17":"tag-republique-francaise"},"share_on_mastodon":{"url":"https:\/\/pubeurope.com\/@fr\/115062535907239260","error":""},"_links":{"self":[{"href":"https:\/\/www.europesays.com\/fr\/wp-json\/wp\/v2\/posts\/332193","targetHints":{"allow":["GET"]}}],"collection":[{"href":"https:\/\/www.europesays.com\/fr\/wp-json\/wp\/v2\/posts"}],"about":[{"href":"https:\/\/www.europesays.com\/fr\/wp-json\/wp\/v2\/types\/post"}],"author":[{"embeddable":true,"href":"https:\/\/www.europesays.com\/fr\/wp-json\/wp\/v2\/users\/2"}],"replies":[{"embeddable":true,"href":"https:\/\/www.europesays.com\/fr\/wp-json\/wp\/v2\/comments?post=332193"}],"version-history":[{"count":0,"href":"https:\/\/www.europesays.com\/fr\/wp-json\/wp\/v2\/posts\/332193\/revisions"}],"wp:featuredmedia":[{"embeddable":true,"href":"https:\/\/www.europesays.com\/fr\/wp-json\/wp\/v2\/media\/84429"}],"wp:attachment":[{"href":"https:\/\/www.europesays.com\/fr\/wp-json\/wp\/v2\/media?parent=332193"}],"wp:term":[{"taxonomy":"category","embeddable":true,"href":"https:\/\/www.europesays.com\/fr\/wp-json\/wp\/v2\/categories?post=332193"},{"taxonomy":"post_tag","embeddable":true,"href":"https:\/\/www.europesays.com\/fr\/wp-json\/wp\/v2\/tags?post=332193"}],"curies":[{"name":"wp","href":"https:\/\/api.w.org\/{rel}","templated":true}]}}