{"id":332194,"date":"2025-08-20T18:35:12","date_gmt":"2025-08-20T18:35:12","guid":{"rendered":"https:\/\/www.europesays.com\/fr\/332194\/"},"modified":"2025-08-20T18:35:12","modified_gmt":"2025-08-20T18:35:12","slug":"lyon-un-ciel-noir-des-orages-eclatent-la-meteo-va-radicalement-changer-en-48h","status":"publish","type":"post","link":"https:\/\/www.europesays.com\/fr\/332194\/","title":{"rendered":"Lyon. Un ciel noir, des orages \u00e9clatent&#8230; la m\u00e9t\u00e9o va radicalement changer en 48h"},"content":{"rendered":"<p>            Par<br \/>\n        <strong><br \/>\n            <a href=\"https:\/\/actu.fr\/auteur\/anthony-soudani\" title=\"Consulter tous les articles de Anthony Soudani\" rel=\"nofollow noopener\" target=\"_blank\">Anthony Soudani<\/a><br \/>\n        <\/strong><\/p>\n<p>        Publi\u00e9 le<\/p>\n<p>            20 ao\u00fbt 2025 \u00e0 17h13        <\/p>\n<p>Apr\u00e8s la <a href=\"https:\/\/actu.fr\/auvergne-rhone-alpes\/lyon_69123\/canicule-a-lyon-des-habitants-dorment-dans-un-parc-on-meurt-de-chaud-dans-nos-appartements_63031269.html\" rel=\"nofollow noopener\" target=\"_blank\">canicule insupportable<\/a> du mois d\u2019ao\u00fbt, les <a href=\"https:\/\/actu.fr\/auvergne-rhone-alpes\/lyon_69123\/lyon-des-orages-violents-vont-toucher-le-rhone-les-zones-ou-ils-peuvent-frapper-fort_63049747.html\" rel=\"nofollow noopener\" target=\"_blank\">orages frappent Lyon<\/a> depuis la nuit de ce mardi. Ce mercredi apr\u00e8s-midi, <strong>le tonnerre gronde et la pluie tombe<\/strong> sur la capitale des Gaules. Bient\u00f4t le retour d\u2019un temps \u00ab\u00a0normal\u00a0\u00bb et de saison ? Cela pourrait \u00eatre le cas d\u00e8s vendredi et tout le week-end, d\u2019apr\u00e8s M\u00e9t\u00e9o-France.\u00a0<\/p>\n<p>De la pluie jeudi avant du soleil vendredi<\/p>\n<p class=\" wall-content\">Ce mercredi, le ciel restera couvert. <strong>Les orages devraient s\u2019arr\u00eater avant la soir\u00e9e<\/strong> et la pluie pourrait continuer de tomber jusqu\u2019\u00e0 20h. Jeudi 21 juillet, le temps ne s\u2019am\u00e9liorera pas particuli\u00e8rement.<\/p>\n<p class=\" wall-content\">S\u2019il n\u2019y a pas d\u2019orages, des averses sont pr\u00e9vues tout au long de la journ\u00e9e. Les temp\u00e9ratures ne d\u00e9passeront pas 21\u00b0C \u00e0 Lyon.\u00a0<\/p>\n<p class=\" wall-content\"><strong>Le retour du soleil est annonc\u00e9<\/strong> pour la journ\u00e9e du vendredi 22 ao\u00fbt par M\u00e9t\u00e9o-France. Un soleil bienvenu puisqu\u2019il ne sera pas accompagn\u00e9 d\u2019une chaleur insupportable comme lors de la pr\u00e9c\u00e9dente canicule. Il fera jusqu\u2019\u00e0 25\u00b0C avec tout de m\u00eame des rafales annonc\u00e9es \u00e0 40 km\/h.<\/p>\n<p>Un week-end ensoleill\u00e9<\/p>\n<p class=\" wall-content\">Le week-end devrait \u00e9galement \u00eatre ensoleill\u00e9 \u00e0 en croire les derni\u00e8res pr\u00e9visions. Samedi, il fera jusqu\u2019\u00e0 25\u00b0C avec peu de nuages. Dimanche, il pourrait faire jusqu\u2019\u00e0 27\u00b0C avec, l\u00e0 encore, des rayons de soleil toute la journ\u00e9e.\u00a0<\/p>\n<p class=\" wall-content\">Cependant, la pluie pourrait faire son retour d\u00e8s les lundi 25 et mardi 26 ao\u00fbt. Cela reste toutefois \u00e0 confirmer.<\/p>\n<p class=\" wall-content\">Personnalisez votre actualit\u00e9 en ajoutant vos villes et m\u00e9dias en favori avec <a href=\"https:\/\/moncompte.actu.fr\" title=\"D\u00e9couvez Mon Actu\" rel=\"nofollow noopener\" data-trk=\"{&quot;cta&quot;:{&quot;action&quot;:&quot;https:\\\/\\\/moncompte.actu.fr&quot;,&quot;category&quot;:&quot;mon compte&quot;,&quot;from&quot;:&quot;article footer&quot;,&quot;name&quot;:&quot;Mon actu&quot;,&quot;type&quot;:&quot;cta&quot;}}\" target=\"_blank\">Mon Actu<\/a>.<\/p>\n","protected":false},"excerpt":{"rendered":"Par Anthony Soudani Publi\u00e9 le 20 ao\u00fbt 2025 \u00e0 17h13 Apr\u00e8s la canicule insupportable du mois d\u2019ao\u00fbt, les&hellip;\n","protected":false},"author":2,"featured_media":332195,"comment_status":"","ping_status":"","sticky":false,"template":"","format":"standard","meta":{"footnotes":""},"categories":[1889],"tags":[1111,11,2430,1777,674,1011,27,2428,2487,2357,12,4594,25],"class_list":{"0":"post-332194","1":"post","2":"type-post","3":"status-publish","4":"format-standard","5":"has-post-thumbnail","7":"category-lyon","8":"tag-actu","9":"tag-actualites","10":"tag-auvergne-rhone-alpes","11":"tag-eu","12":"tag-europe","13":"tag-fr","14":"tag-france","15":"tag-lyon","16":"tag-meteo","17":"tag-meteo-france","18":"tag-news","19":"tag-orages","20":"tag-republique-francaise"},"share_on_mastodon":{"url":"https:\/\/pubeurope.com\/@fr\/115062539808782182","error":""},"_links":{"self":[{"href":"https:\/\/www.europesays.com\/fr\/wp-json\/wp\/v2\/posts\/332194","targetHints":{"allow":["GET"]}}],"collection":[{"href":"https:\/\/www.europesays.com\/fr\/wp-json\/wp\/v2\/posts"}],"about":[{"href":"https:\/\/www.europesays.com\/fr\/wp-json\/wp\/v2\/types\/post"}],"author":[{"embeddable":true,"href":"https:\/\/www.europesays.com\/fr\/wp-json\/wp\/v2\/users\/2"}],"replies":[{"embeddable":true,"href":"https:\/\/www.europesays.com\/fr\/wp-json\/wp\/v2\/comments?post=332194"}],"version-history":[{"count":0,"href":"https:\/\/www.europesays.com\/fr\/wp-json\/wp\/v2\/posts\/332194\/revisions"}],"wp:featuredmedia":[{"embeddable":true,"href":"https:\/\/www.europesays.com\/fr\/wp-json\/wp\/v2\/media\/332195"}],"wp:attachment":[{"href":"https:\/\/www.europesays.com\/fr\/wp-json\/wp\/v2\/media?parent=332194"}],"wp:term":[{"taxonomy":"category","embeddable":true,"href":"https:\/\/www.europesays.com\/fr\/wp-json\/wp\/v2\/categories?post=332194"},{"taxonomy":"post_tag","embeddable":true,"href":"https:\/\/www.europesays.com\/fr\/wp-json\/wp\/v2\/tags?post=332194"}],"curies":[{"name":"wp","href":"https:\/\/api.w.org\/{rel}","templated":true}]}}