{"id":332198,"date":"2025-08-20T18:38:20","date_gmt":"2025-08-20T18:38:20","guid":{"rendered":"https:\/\/www.europesays.com\/fr\/332198\/"},"modified":"2025-08-20T18:38:20","modified_gmt":"2025-08-20T18:38:20","slug":"humilite-et-travail-ligue-de-paris-ile-de-france","status":"publish","type":"post","link":"https:\/\/www.europesays.com\/fr\/332198\/","title":{"rendered":"\u00ab HUMILIT\u00c9 ET TRAVAIL \u00bb \u2013 LIGUE DE PARIS ILE-DE-FRANCE"},"content":{"rendered":"<p>                    <img width=\"611\" height=\"378\" src=\"https:\/\/www.europesays.com\/fr\/wp-content\/uploads\/2025\/08\/DSC_3730-611x378.jpg\" class=\"vignette-large wp-post-image\" alt=\"\" decoding=\"async\" fetchpriority=\"high\"  \/>                    <\/p>\n<p>\n                        PERRAT (FC VERSAILLES) : \u00ab HUMILIT\u00c9 ET TRAVAIL \u00bb\n                    <\/p>\n<p style=\"text-align: justify;\">Ce week-end, les clubs de National 3 effectuent leur rentr\u00e9e. Parmi les onze \u00e9quipes franciliennes engag\u00e9es, un promu : le FC Versailles 78 2. Vainqueur du <a href=\"https:\/\/paris-idf.fff.fr\/simple\/fc-versailles-78-2-le-mee-sports-2-0\/\" rel=\"nofollow noopener\" target=\"_blank\">barrage d\u2019accession N3<\/a> en juin dernier, la formation versaillaise re\u00e7oit ce samedi le Havre Caucriauville. Anthony Perrat, pr\u00e9sident de l\u2019association, \u00e9voque la saison \u00e0 venir.<\/p>\n<p style=\"text-align: justify;\">Promue en National 3 apr\u00e8s le barrage d\u2019accession N3, l\u2019\u00e9quipe r\u00e9serve du <strong>FC Versailles 78<\/strong> accueille le club normand du Havre Caucriauville lors de la premi\u00e8re journ\u00e9e du groupe D ce samedi. La formation versaillaise et le pr\u00e9sident de l\u2019association, <strong>Anthony Perrat<\/strong>, esp\u00e8rent continuer sur la belle dynamique de la saison derni\u00e8re.<\/p>\n<p style=\"text-align: justify;\">\u00ab\u00a0La pr\u00e9paration se passe plut\u00f4t bien, le groupe surfe sur la dynamique de fin de saison derni\u00e8re\u00a0\u00bb, explique <strong>Anthony Perrat<\/strong>. \u00ab\u00a0On a fini la saison un peu tard avec le barrage d\u2019accession le 18 juin, ce qui a fait qu\u2019en terme de recrutement, cela \u00e9tait plus compliqu\u00e9 car certains joueurs \u00e9taient d\u00e9j\u00e0 pris. Nous avons aujourd\u2019hui un effectif qui est le m\u00eame que l\u2019ann\u00e9e derni\u00e8re \u00e0 90%. On aborde le National 3 avec humilit\u00e9, car c\u2019est un championnat que peu de nos joueurs connaissent. Seuls trois ou quatre gar\u00e7ons ont jou\u00e9 \u00e0 ce niveau l\u00e0, donc humilit\u00e9 et travail.\u00a0\u00bb<\/p>\n<p style=\"text-align: justify;\">\u00ab\u00a0L\u2019objectif est d\u2019assurer un maintien le plus rapidement possible\u00a0\u00bb, affirme le pr\u00e9sident de l\u2019association versaillaise. \u00ab\u00a0Le staff a peu chang\u00e9 \u00e9galement, nous restons sur de la continuit\u00e9 et de la stabilit\u00e9, qui sont des facteurs de performance. Le fait de ne pas avoir \u00e9norm\u00e9ment modifi\u00e9 l\u2019effectif permet aux joueurs de conna\u00eetre le staff, les m\u00e9thodes de jeu. Nous allons tout de m\u00eame \u00eatre sur une comp\u00e9tition diff\u00e9rente, monter de la R1 \u00e0 la N3, ce n\u2019est pas une marche mais cinq marches. Dans notre groupe tr\u00e8s relev\u00e9, vous avez des pensionnaires de N3 qui sont l\u00e0 depuis longtemps avec des \u00e9quipes premi\u00e8res et des r\u00e9serves de clubs professionnels. On peut consid\u00e9rer que Chartres et le Racing, pour ne citer qu\u2019eux, sont des clubs avec de grosses ambitions et l\u2019envie de monter depuis un certain temps en mettant beaucoup de moyens. Les centres de formation, ce sont des joueurs qui s\u2019entra\u00eenent avec des groupes de L1 ou L2 toute la semaine, ce qui n\u2019est pas notre cas. On aura face \u00e0 nous des \u00e9quipes aguerries avec des ambitions, il va falloir se battre et travailler pour accrocher le maintien, ce qui ne sera pas une chose ais\u00e9e. Il faut que tout le monde se mobilise mentalement, physiquement, pour faire le boulot.\u00a0\u00bb<\/p>\n<p><img loading=\"lazy\" decoding=\"async\" class=\"alignnone size-full wp-image-77352\" src=\"https:\/\/www.europesays.com\/fr\/wp-content\/uploads\/2025\/08\/DSC_3845-scaled.jpg\" alt=\"\" width=\"2560\" height=\"1703\"  \/><\/p>\n<p style=\"text-align: justify;\">\u00ab\u00a0\u00catre dans une poule avec beaucoup de clubs franciliens, c\u2019est une bonne chose au niveau des d\u00e9placements, car ils sont plus courts\u00a0\u00bb, poursuit <strong>Perrat<\/strong>. \u00ab\u00a0Maintenant, on sait que l\u2019\u00cele-de-France est un niveau assez relev\u00e9 avec des clubs ambitieux et des \u00e9quipes premi\u00e8res. Le focus et le budget mis sur une \u00e9quipe premi\u00e8re n\u2019est pas le m\u00eame dans un club que pour l\u2019\u00e9quipe r\u00e9serve. Notre r\u00e9serve reste importante \u00e0 Versailles, et on avait l\u2019envie de monter de R1 \u00e0 N3 l\u2019ann\u00e9e derni\u00e8re pour combler l\u2019\u00e9cart de divisions entre nos deux \u00e9quipes. C\u2019est une vraie valeur d\u2019avoir une seconde formation en N3, et on esp\u00e8re remplir un autre objectif de longue date cette saison, qui est la mont\u00e9e des U18 R1 en U19 Nationaux. C\u2019est bien qu\u2019il y ait de nombreux clubs d\u2019\u00cele-de-France en N3, on conna\u00eet le football francilien qui n\u2019est pas forc\u00e9ment le m\u00eame qu\u2019ailleurs. Au niveau organisationnel c\u2019est int\u00e9ressant pour nous, mais c\u2019est aussi parfois bien d\u2019aller rencontrer des clubs diff\u00e9rents, que nous jouons rarement pour avoir des exp\u00e9riences diverses. La poule est faite comme cela et nous allons nous mesurer aux \u00e9quipes franciliennes, comme on en a l\u2019habitude depuis un certain temps, en essayant de faire au mieux et en respectant nos adversaires.\u00a0\u00bb<\/p>\n<p><img loading=\"lazy\" decoding=\"async\" class=\"alignnone size-full wp-image-77351\" src=\"https:\/\/www.europesays.com\/fr\/wp-content\/uploads\/2025\/08\/DSC_3880-scaled.jpg\" alt=\"\" width=\"2560\" height=\"1703\"  \/><\/p>\n<p style=\"text-align: justify;\">\u00ab\u00a0Le groupe a tr\u00e8s h\u00e2te d\u2019\u00eatre \u00e0 samedi\u00a0\u00bb, pr\u00e9cise le dirigeant versaillais. \u00ab\u00a0M\u00eame s\u2019il y a eu des matchs de pr\u00e9paration contre des \u00e9quipes de N3, ils veulent aller se tester r\u00e9ellement dans des conditions de championnat, conna\u00eetre leur valeur, savoir s\u2019ils sont au niveau ou non. C\u2019est aussi une \u00e9quipe promue, ils doivent avoir h\u00e2te mais ne savent pas trop o\u00f9 ils mettent les pieds comme nous. Les deux \u00e9quipes vont donc d\u00e9couvrir comment aborder ce nouveau championnat. Puis, on verra sur les matchs suivants contre des \u00e9quipes qui ont l\u2019habitude de ces rencontres, avec par exemple le d\u00e9placement \u00e0 Sainte Genevi\u00e8ve lors de la deuxi\u00e8me journ\u00e9e. Ce sera un test diff\u00e9rent mais int\u00e9ressant.\u00a0\u00bb<\/p>\n<p><a href=\"https:\/\/epreuves.fff.fr\/competition\/engagement\/439452-n3\/phase\/1\/4\/saison\" rel=\"nofollow noopener\" target=\"_blank\">&gt; Le calendrier de la poule D en N3<\/a><\/p>\n","protected":false},"excerpt":{"rendered":"PERRAT (FC VERSAILLES) : \u00ab HUMILIT\u00c9 ET TRAVAIL \u00bb Ce week-end, les clubs de National 3 effectuent leur&hellip;\n","protected":false},"author":2,"featured_media":332199,"comment_status":"","ping_status":"","sticky":false,"template":"","format":"standard","meta":{"footnotes":""},"categories":[1592],"tags":[1111,11,1777,674,1011,27,662,12,626,25],"class_list":{"0":"post-332198","1":"post","2":"type-post","3":"status-publish","4":"format-standard","5":"has-post-thumbnail","7":"category-ile-de-france","8":"tag-actu","9":"tag-actualites","10":"tag-eu","11":"tag-europe","12":"tag-fr","13":"tag-france","14":"tag-ile-de-france","15":"tag-news","16":"tag-paris","17":"tag-republique-francaise"},"share_on_mastodon":{"url":"https:\/\/pubeurope.com\/@fr\/115062551837577598","error":""},"_links":{"self":[{"href":"https:\/\/www.europesays.com\/fr\/wp-json\/wp\/v2\/posts\/332198","targetHints":{"allow":["GET"]}}],"collection":[{"href":"https:\/\/www.europesays.com\/fr\/wp-json\/wp\/v2\/posts"}],"about":[{"href":"https:\/\/www.europesays.com\/fr\/wp-json\/wp\/v2\/types\/post"}],"author":[{"embeddable":true,"href":"https:\/\/www.europesays.com\/fr\/wp-json\/wp\/v2\/users\/2"}],"replies":[{"embeddable":true,"href":"https:\/\/www.europesays.com\/fr\/wp-json\/wp\/v2\/comments?post=332198"}],"version-history":[{"count":0,"href":"https:\/\/www.europesays.com\/fr\/wp-json\/wp\/v2\/posts\/332198\/revisions"}],"wp:featuredmedia":[{"embeddable":true,"href":"https:\/\/www.europesays.com\/fr\/wp-json\/wp\/v2\/media\/332199"}],"wp:attachment":[{"href":"https:\/\/www.europesays.com\/fr\/wp-json\/wp\/v2\/media?parent=332198"}],"wp:term":[{"taxonomy":"category","embeddable":true,"href":"https:\/\/www.europesays.com\/fr\/wp-json\/wp\/v2\/categories?post=332198"},{"taxonomy":"post_tag","embeddable":true,"href":"https:\/\/www.europesays.com\/fr\/wp-json\/wp\/v2\/tags?post=332198"}],"curies":[{"name":"wp","href":"https:\/\/api.w.org\/{rel}","templated":true}]}}