{"id":332206,"date":"2025-08-20T18:42:19","date_gmt":"2025-08-20T18:42:19","guid":{"rendered":"https:\/\/www.europesays.com\/fr\/332206\/"},"modified":"2025-08-20T18:42:19","modified_gmt":"2025-08-20T18:42:19","slug":"sncf-un-arbre-tombe-sur-les-voies-la-circulation-des-trains-perturbee-entre-orleans-et-paris-ce-mercredi-soir","status":"publish","type":"post","link":"https:\/\/www.europesays.com\/fr\/332206\/","title":{"rendered":"SNCF\u00a0: un arbre tombe sur les voies, la circulation des trains perturb\u00e9e entre Orl\u00e9ans et Paris ce mercredi soir"},"content":{"rendered":"<p>La circulation des trains est interrompue ce mercredi, en fin d&rsquo;apr\u00e8s-midi, entre Paris Austerlitz et Orl\u00e9ans. En cause, la chute d&rsquo;un arbre au nord d&rsquo;\u00c9tampes. Le premier train de l&rsquo;apr\u00e8s-midi, parti de Paris, est immobilis\u00e9.<\/p>\n<p><strong>Circulation interrompue et plusieurs trains supprim\u00e9s<\/strong>, ce mercredi soir, sur la ligne SNCF entre Paris Austerlitz et Orl\u00e9ans. Un arbre est tomb\u00e9 sur les voies en fin d&rsquo;apr\u00e8s-midi entre Lardy et Chamarande, au nord d&rsquo;\u00c9tampes, indique R\u00e9mi train Centre-Val de Loire. \u00c0 peine partis de Paris, les voyageurs du train R\u00e9mi n\u00b0860523, premier train de l&rsquo;apr\u00e8s-midi\u00a0<a class=\"IciLink ici-link IciArticleLink g-ici-body-regular-1 underline brand svelte-lu7k6w\" href=\"https:\/\/www.francebleu.fr\/infos\/transports\/les-grands-travaux-sncf-sur-l-axe-paris-orelans-debutent-ce-lundi-avec-des-interruptions-du-trafic-en-journee-7329227\" rel=\"nofollow noopener\" target=\"_blank\">en raison des travaux<\/a>, sont bloqu\u00e9s au niveau de Juvisy. L&rsquo;arriv\u00e9e de ce TER est pr\u00e9vue avec une pr\u00e8s de trois heures de retard.<\/p>\n<p><strong>Deux autres trains, dans le sens Paris-Orl\u00e9ans et Orl\u00e9ans-Paris, sont supprim\u00e9s<\/strong>. Les agents SNCF sont sur les lieux, pour constater les d\u00e9g\u00e2ts et tenter de r\u00e9tablir le trafic au plus vite. \u00ab\u00a0Nous esp\u00e9rons pouvoir d\u00e9gager la voie aux alentours de 19 heures, pour que certains trains puissent commencer \u00e0 circuler\u00a0\u00bb, indique R\u00e9mi train Centre-Val de Loire. Les trains circulent normalement dans le sens Orl\u00e9ans -Paris, pr\u00e9cise R\u00e9mi.<\/p>\n","protected":false},"excerpt":{"rendered":"La circulation des trains est interrompue ce mercredi, en fin d&rsquo;apr\u00e8s-midi, entre Paris Austerlitz et Orl\u00e9ans. En cause,&hellip;\n","protected":false},"author":2,"featured_media":332207,"comment_status":"","ping_status":"","sticky":false,"template":"","format":"standard","meta":{"footnotes":""},"categories":[1888],"tags":[11,1777,674,1011,27,12,626,25],"class_list":{"0":"post-332206","1":"post","2":"type-post","3":"status-publish","4":"format-standard","5":"has-post-thumbnail","7":"category-paris","8":"tag-actualites","9":"tag-eu","10":"tag-europe","11":"tag-fr","12":"tag-france","13":"tag-news","14":"tag-paris","15":"tag-republique-francaise"},"share_on_mastodon":{"url":"https:\/\/pubeurope.com\/@fr\/115062567317323216","error":""},"_links":{"self":[{"href":"https:\/\/www.europesays.com\/fr\/wp-json\/wp\/v2\/posts\/332206","targetHints":{"allow":["GET"]}}],"collection":[{"href":"https:\/\/www.europesays.com\/fr\/wp-json\/wp\/v2\/posts"}],"about":[{"href":"https:\/\/www.europesays.com\/fr\/wp-json\/wp\/v2\/types\/post"}],"author":[{"embeddable":true,"href":"https:\/\/www.europesays.com\/fr\/wp-json\/wp\/v2\/users\/2"}],"replies":[{"embeddable":true,"href":"https:\/\/www.europesays.com\/fr\/wp-json\/wp\/v2\/comments?post=332206"}],"version-history":[{"count":0,"href":"https:\/\/www.europesays.com\/fr\/wp-json\/wp\/v2\/posts\/332206\/revisions"}],"wp:featuredmedia":[{"embeddable":true,"href":"https:\/\/www.europesays.com\/fr\/wp-json\/wp\/v2\/media\/332207"}],"wp:attachment":[{"href":"https:\/\/www.europesays.com\/fr\/wp-json\/wp\/v2\/media?parent=332206"}],"wp:term":[{"taxonomy":"category","embeddable":true,"href":"https:\/\/www.europesays.com\/fr\/wp-json\/wp\/v2\/categories?post=332206"},{"taxonomy":"post_tag","embeddable":true,"href":"https:\/\/www.europesays.com\/fr\/wp-json\/wp\/v2\/tags?post=332206"}],"curies":[{"name":"wp","href":"https:\/\/api.w.org\/{rel}","templated":true}]}}