{"id":332208,"date":"2025-08-20T18:43:09","date_gmt":"2025-08-20T18:43:09","guid":{"rendered":"https:\/\/www.europesays.com\/fr\/332208\/"},"modified":"2025-08-20T18:43:09","modified_gmt":"2025-08-20T18:43:09","slug":"la-france-doit-etre-forte-et-se-faire-respecter-russie-algerie-quand-le-diplomate-macron-se-lache","status":"publish","type":"post","link":"https:\/\/www.europesays.com\/fr\/332208\/","title":{"rendered":"\u00ab La France doit \u00eatre forte et se faire respecter \u00bb : Russie, Alg\u00e9rie\u2026 Quand le diplomate Macron se l\u00e2che"},"content":{"rendered":"<p class=\"paragraph text_align_left lp-f-body-02\"><a href=\"https:\/\/www.leparisien.fr\/international\/vladimir-poutine\/\" target=\"_blank\" rel=\"noreferrer nofollow noopener\">Vladimir Poutine<\/a> ? \u00ab Un <a href=\"https:\/\/www.leparisien.fr\/politique\/vladimir-poutine-est-un-un-ogre-a-nos-portes-qui-a-rarement-tenu-ses-engagements-estime-emmanuel-macron-19-08-2025-W7SR36IVI5CPTMDPJRP7Z5CGO4.php\" target=\"_blank\" rel=\"noreferrer nofollow noopener\">ogre \u00e0 nos portes<\/a> \u00bb, cingle <a href=\"https:\/\/www.leparisien.fr\/politique\/emmanuel-macron\/\" target=\"_blank\" rel=\"noreferrer nofollow noopener\">Emmanuel Macron<\/a> sur LCI. <a href=\"https:\/\/www.leparisien.fr\/international\/israel\/benyamin-netanyahou\/\" target=\"_blank\" rel=\"noreferrer nofollow noopener\">Benyamin Netanyahou<\/a> ? Son \u00ab analyse est erron\u00e9e, abjecte et ne demeurera pas sans r\u00e9ponse \u00bb, <a href=\"https:\/\/www.leparisien.fr\/international\/israel\/benyamin-netanyahou-accuse-macron-dalimenter-le-feu-antisemite-19-08-2025-LIMAGMEXNRBXHNIIHAZYFOSKNY.php\" target=\"_blank\" rel=\"nofollow noopener\">pr\u00e9vient la pr\u00e9sidence fran\u00e7aise<\/a> apr\u00e8s la lettre du Premier ministre isra\u00e9lien dans laquelle ce dernier accuse le chef de l\u2019\u00c9tat d\u2019\u00ab alimenter le feu de l\u2019antis\u00e9mitisme \u00bb en France en voulant reconna\u00eetre l\u2019\u00c9tat palestinien. Le bras de fer avec l\u2019Alg\u00e9rie ? \u00ab La France doit \u00eatre forte et se faire respecter \u00bb, \u00e9crit le pr\u00e9sident de la R\u00e9publique.<\/p>\n<p class=\"paragraph text_align_left lp-f-body-02\">Sur tous les dossiers internationaux, Emmanuel Macron durcit le ton. Comme dans la fable de La Fontaine, l\u2019agneau est-il devenu loup, consid\u00e9rant d\u00e9sormais que \u00ab la raison du plus fort est toujours la meilleure \u00bb ?<\/p>\n","protected":false},"excerpt":{"rendered":"Vladimir Poutine ? \u00ab Un ogre \u00e0 nos portes \u00bb, cingle Emmanuel Macron sur LCI. Benyamin Netanyahou ?&hellip;\n","protected":false},"author":2,"featured_media":332209,"comment_status":"","ping_status":"","sticky":false,"template":"","format":"standard","meta":{"footnotes":""},"categories":[1591],"tags":[11,1887,14,12,316,1885,1886,132],"class_list":{"0":"post-332208","1":"post","2":"type-post","3":"status-publish","4":"format-standard","5":"has-post-thumbnail","7":"category-russie","8":"tag-actualites","9":"tag-federation-de-russie","10":"tag-international","11":"tag-news","12":"tag-politique","13":"tag-russia","14":"tag-russian-federation","15":"tag-russie"},"share_on_mastodon":{"url":"https:\/\/pubeurope.com\/@fr\/115062571662159926","error":""},"_links":{"self":[{"href":"https:\/\/www.europesays.com\/fr\/wp-json\/wp\/v2\/posts\/332208","targetHints":{"allow":["GET"]}}],"collection":[{"href":"https:\/\/www.europesays.com\/fr\/wp-json\/wp\/v2\/posts"}],"about":[{"href":"https:\/\/www.europesays.com\/fr\/wp-json\/wp\/v2\/types\/post"}],"author":[{"embeddable":true,"href":"https:\/\/www.europesays.com\/fr\/wp-json\/wp\/v2\/users\/2"}],"replies":[{"embeddable":true,"href":"https:\/\/www.europesays.com\/fr\/wp-json\/wp\/v2\/comments?post=332208"}],"version-history":[{"count":0,"href":"https:\/\/www.europesays.com\/fr\/wp-json\/wp\/v2\/posts\/332208\/revisions"}],"wp:featuredmedia":[{"embeddable":true,"href":"https:\/\/www.europesays.com\/fr\/wp-json\/wp\/v2\/media\/332209"}],"wp:attachment":[{"href":"https:\/\/www.europesays.com\/fr\/wp-json\/wp\/v2\/media?parent=332208"}],"wp:term":[{"taxonomy":"category","embeddable":true,"href":"https:\/\/www.europesays.com\/fr\/wp-json\/wp\/v2\/categories?post=332208"},{"taxonomy":"post_tag","embeddable":true,"href":"https:\/\/www.europesays.com\/fr\/wp-json\/wp\/v2\/tags?post=332208"}],"curies":[{"name":"wp","href":"https:\/\/api.w.org\/{rel}","templated":true}]}}