{"id":332210,"date":"2025-08-20T18:44:14","date_gmt":"2025-08-20T18:44:14","guid":{"rendered":"https:\/\/www.europesays.com\/fr\/332210\/"},"modified":"2025-08-20T18:44:14","modified_gmt":"2025-08-20T18:44:14","slug":"la-russie-veut-etre-au-coeur-des-questions-de-securite-collective-un-drone-russe-explose-en-pologne","status":"publish","type":"post","link":"https:\/\/www.europesays.com\/fr\/332210\/","title":{"rendered":"La Russie veut \u00eatre au c\u0153ur des questions de s\u00e9curit\u00e9 collective, un drone russe explose en Pologne"},"content":{"rendered":"<p>Vous avez rat\u00e9 les derniers \u00e9v\u00e9nements sur la guerre en Ukraine\u00a0? 20 Minutes fait le point pour vous tous les soirs. Voici l\u2019essentiel de ce mercredi 20\u00a0ao\u00fbt, au 1.274e jour du conflit.<\/p>\n<p>Le fait du jour<\/p>\n<p>Les dirigeants europ\u00e9ens et les chefs d\u2019\u00e9tat-major de l\u2019<a href=\"https:\/\/www.20minutes.fr\/monde\/otan\/\" class=\"c-link c-link--is-underlined\" target=\"_blank\" rel=\"noopener\">Otan<\/a> s\u2019activent pour tenter d\u2019organiser un sommet entre <a href=\"https:\/\/www.20minutes.fr\/monde\/vladimir_poutine\/\" class=\"c-link c-link--is-underlined\" target=\"_blank\" rel=\"noopener\">Vladimir Poutine<\/a> et <a href=\"https:\/\/www.20minutes.fr\/monde\/volodymyr-zelensky\/\" class=\"c-link c-link--is-underlined\" target=\"_blank\" rel=\"noopener\">Volodymyr Zelensky<\/a> prochainement, et enfin, peut-\u00eatre, mettre fin \u00e0 cette guerre. Ce mercredi la <a href=\"https:\/\/www.20minutes.fr\/monde\/russie\/\" target=\"_blank\" class=\"c-link c-link--is-underlined\" rel=\"noopener\">Russie<\/a> n\u2019a pas manqu\u00e9 de calmer tout le monde en rappelant que toute rencontre entre les pr\u00e9sidents russe et ukrainien devait \u00eatre \u00ab\u00a0pr\u00e9par\u00e9e avec le plus grand soin\u00a0\u00bb afin qu\u2019un tel sommet \u00ab\u00a0ne se solde pas par une d\u00e9t\u00e9rioration de la situation\u00a0\u00bb.<\/p>\n<p>Et le moins que l\u2019on puisse dire, c\u2019est que pour le moment, les discussions ne conviennent pas \u00e0 <a href=\"https:\/\/www.20minutes.fr\/monde\/moscou\/\" class=\"c-link c-link--is-underlined\" target=\"_blank\" rel=\"noopener\">Moscou<\/a>. \u00ab\u00a0Pour l\u2019instant, nous ne voyons qu\u2019une escalade agressive de la situation et des tentatives plut\u00f4t maladroites de changer la position du pr\u00e9sident des Etats-Unis\u00a0\u00bb, a d\u00e9clar\u00e9 <a href=\"https:\/\/www.20minutes.fr\/monde\/serguei-lavrov\/\" class=\"c-link c-link--is-underlined\" target=\"_blank\" rel=\"noopener\">Sergue\u00ef Lavrov<\/a>, le chef de la diplomatie russe. Il a \u00e9galement estim\u00e9 que les Europ\u00e9ens ne proposaient \u00ab\u00a0aucune id\u00e9e constructive\u00a0\u00bb.<\/p>\n<p>Et d\u2019ajouter\u00a0: \u00ab\u00a0Les Europ\u00e9ens, pour l\u2019instant, essaient seulement de maintenir les <a href=\"https:\/\/www.20minutes.fr\/monde\/etats-unis\/\" class=\"c-link c-link--is-underlined\" target=\"_blank\" rel=\"noopener\">Etats-Unis<\/a> dans la course \u00e0 l\u2019armement\u00a0\u00bb de l\u2019Ukraine, a-t-il d\u00e9nonc\u00e9.<\/p>\n<p>Sergue\u00ef Lavrov a pr\u00e9venu que toute discussion sur les garanties de s\u00e9curit\u00e9 occidentales \u00e0 offrir \u00e0 l\u2019Ukraine, qui ne prendrait pas en compte la position de Moscou, ne m\u00e8nera \u00ab\u00a0nulle part\u00a0\u00bb. \u00ab\u00a0Nous ne pouvons accepter que les questions de s\u00e9curit\u00e9 collective soient d\u00e9sormais abord\u00e9es sans la Russie\u00a0\u00bb, a-t-il ajout\u00e9.<\/p>\n<p>La d\u00e9claration du jour<\/p>\n<blockquote class=\"mx-m@xs mx-xxl@md color-ultramarine c-citation\">\n<p class=\"font-weight-regular@xs text-italic font-source-serif-pro text-l@xs c-citation__content\">\u00ab\u00a0Une fois de plus, nous sommes confront\u00e9s \u00e0 une provocation de la F\u00e9d\u00e9ration de Russie, avec un drone russe [\u2026] \u00e0 un moment particulier, o\u00f9 des discussions sur la paix sont en cours, o\u00f9 l\u2019espoir existe que cette guerre [\u2026] ait une chance de prendre fin.\u00a0\u00bb<\/p>\n<\/blockquote>\n<p>Le ministre polonais de la D\u00e9fense a d\u00e9nonc\u00e9 mercredi une \u00ab\u00a0provocation\u00a0\u00bb russe envers la <a href=\"https:\/\/www.20minutes.fr\/dossier\/pologne\" class=\"c-link c-link--is-underlined\" target=\"_blank\" rel=\"noopener\">Pologne <\/a>et l\u2019Otan, apr\u00e8s la chute et l\u2019explosion dans la nuit d\u2019un drone russe dans un champ dans l\u2019est du pays, \u00e0 une centaine de kilom\u00e8tres de <a href=\"https:\/\/www.20minutes.fr\/dossier\/varsovie\" class=\"c-link c-link--is-underlined\" target=\"_blank\" rel=\"noopener\">Varsovie <\/a>et \u00e0 une distance comparable des fronti\u00e8res avec l\u2019Ukraine et la Bi\u00e9lorussie. Aucune victime n\u2019est \u00e0 d\u00e9plorer.<\/p>\n<\/p>\n<p>\u00ab\u00a0La Russie provoque une nouvelle fois les pays de l\u2019Ot, apr\u00e8s les incidents impliquant des drones qui se sont produits en <a href=\"https:\/\/www.20minutes.fr\/dossier\/roumanie\" class=\"c-link c-link--is-underlined\" target=\"_blank\" rel=\"noopener\">Roumanie<\/a>, en Lituanie et en Lettonie, ainsi que les violations de l\u2019espace a\u00e9rien qui ont eu lieu dans presque tous les pays de l\u2019OTAN, en particulier en Scandinavie, dans les pays baltes, ainsi qu\u2019en Pologne, en Roumanie et en <a href=\"https:\/\/www.20minutes.fr\/monde\/bulgarie\/\" class=\"c-link c-link--is-underlined\" target=\"_blank\" rel=\"noopener\">Bulgarie\u00a0<\/a>\u00bb, a encore d\u00e9clar\u00e9 Wladyslaw Kosiniak-Kamysz, vice-pr\u00e9sident du Conseil des ministres, sur X.<\/p>\n<p>La tendance<\/p>\n<p>Les n\u00e9gociations se poursuivent, et les combats \u00e9galement. Douze civils, dont deux enfants, ont \u00e9t\u00e9 bless\u00e9s dans une frappe de drone russe sur la ville d\u2019Okhtyrka, dans l\u2019oblast de Soumy, au nord-est de l\u2019Ukraine, d\u2019apr\u00e8s les autorit\u00e9s locales.<\/p>\n<p>L\u2019arm\u00e9e russe a revendiqu\u00e9 mercredi la prise de trois nouvelles localit\u00e9s dans l\u2019est de l\u2019Ukraine, poursuivant ses avanc\u00e9es sur le front au moment o\u00f9 les efforts diplomatiques s\u2019intensifient pour tenter de trouver une issue au conflit.<\/p>\n<p><a href=\"https:\/\/www.20minutes.fr\/monde\/ukraine\/\" target=\"_blank\" class=\"c-link c-btn c-btn--primary\" rel=\"noopener\">Retrouvez tous nos articles sur la guerre en Ukraine<\/a><\/p>\n<p>Selon le bilan quotidien du minist\u00e8re russe de la D\u00e9fense, ses troupes ont pris le contr\u00f4le des villages de Soukhetsk\u00e9 et de Pankivka dans la r\u00e9gion de Donetsk (est), ainsi que du village de Novogueorgi\u00efvka dans la r\u00e9gion de Dnipropetrovsk (centre-est).<\/p>\n<p>Les deux premiers sont situ\u00e9s pr\u00e8s du secteur du front o\u00f9 l\u2019arm\u00e9e russe avait r\u00e9alis\u00e9 une perc\u00e9e des d\u00e9fenses ukrainiennes la semaine derni\u00e8re, entre les forteresses de Pokrovsk et Kostiantynivka. Cette perc\u00e9e a finalement \u00e9t\u00e9 contenue et r\u00e9duite apr\u00e8s l\u2019envoi de renforts sur place par l\u2019Ukraine, selon les unit\u00e9s ukrainiennes engag\u00e9es.<\/p>\n","protected":false},"excerpt":{"rendered":"Vous avez rat\u00e9 les derniers \u00e9v\u00e9nements sur la guerre en Ukraine\u00a0? 20 Minutes fait le point pour vous&hellip;\n","protected":false},"author":2,"featured_media":332211,"comment_status":"","ping_status":"","sticky":false,"template":"","format":"standard","meta":{"footnotes":""},"categories":[1590],"tags":[47,11,1777,674,131,74,1916,12,136,2437,132,1135,220,135,134],"class_list":{"0":"post-332210","1":"post","2":"type-post","3":"status-publish","4":"format-standard","5":"has-post-thumbnail","7":"category-ukraine","8":"tag-actualite","9":"tag-actualites","10":"tag-eu","11":"tag-europe","12":"tag-guerre-en-ukraine","13":"tag-monde","14":"tag-moscou","15":"tag-news","16":"tag-otan","17":"tag-pologne","18":"tag-russie","19":"tag-serguei-lavrov","20":"tag-ukraine","21":"tag-vladimir-poutine","22":"tag-volodymyr-zelensky"},"share_on_mastodon":{"url":"https:\/\/pubeurope.com\/@fr\/115062575206993125","error":""},"_links":{"self":[{"href":"https:\/\/www.europesays.com\/fr\/wp-json\/wp\/v2\/posts\/332210","targetHints":{"allow":["GET"]}}],"collection":[{"href":"https:\/\/www.europesays.com\/fr\/wp-json\/wp\/v2\/posts"}],"about":[{"href":"https:\/\/www.europesays.com\/fr\/wp-json\/wp\/v2\/types\/post"}],"author":[{"embeddable":true,"href":"https:\/\/www.europesays.com\/fr\/wp-json\/wp\/v2\/users\/2"}],"replies":[{"embeddable":true,"href":"https:\/\/www.europesays.com\/fr\/wp-json\/wp\/v2\/comments?post=332210"}],"version-history":[{"count":0,"href":"https:\/\/www.europesays.com\/fr\/wp-json\/wp\/v2\/posts\/332210\/revisions"}],"wp:featuredmedia":[{"embeddable":true,"href":"https:\/\/www.europesays.com\/fr\/wp-json\/wp\/v2\/media\/332211"}],"wp:attachment":[{"href":"https:\/\/www.europesays.com\/fr\/wp-json\/wp\/v2\/media?parent=332210"}],"wp:term":[{"taxonomy":"category","embeddable":true,"href":"https:\/\/www.europesays.com\/fr\/wp-json\/wp\/v2\/categories?post=332210"},{"taxonomy":"post_tag","embeddable":true,"href":"https:\/\/www.europesays.com\/fr\/wp-json\/wp\/v2\/tags?post=332210"}],"curies":[{"name":"wp","href":"https:\/\/api.w.org\/{rel}","templated":true}]}}