{"id":332212,"date":"2025-08-20T18:45:18","date_gmt":"2025-08-20T18:45:18","guid":{"rendered":"https:\/\/www.europesays.com\/fr\/332212\/"},"modified":"2025-08-20T18:45:18","modified_gmt":"2025-08-20T18:45:18","slug":"usa-baisse-plus-marquee-quattendu-des-stocks-hebdomadaires-de-petrole","status":"publish","type":"post","link":"https:\/\/www.europesays.com\/fr\/332212\/","title":{"rendered":"USA: baisse plus marqu\u00e9e qu&rsquo;attendu des stocks hebdomadaires de p\u00e9trole"},"content":{"rendered":"<p style=\"margin-top:5px\">Washington (awp\/afp) &#8211; Les stocks commerciaux de p\u00e9trole aux \u00c9tats-Unis ont connu un recul plus important que pr\u00e9vu la semaine derni\u00e8re, selon des informations publi\u00e9es mercredi par l&rsquo;Agence am\u00e9ricaine sur l&rsquo;\u00e9nergie (EIA), d\u00fb notamment \u00e0 une hausse des exportations.<\/p>\n<p>Durant la semaine achev\u00e9e le 15 ao\u00fbt, ces r\u00e9serves ont baiss\u00e9 de 6 millions de barils, alors que les analystes s&rsquo;attendaient \u00e0 une diminution d&rsquo;environ 850.000 barils, d&rsquo;apr\u00e8s la m\u00e9diane d&rsquo;un consensus \u00e9tabli par l&rsquo;agence Bloomberg.<\/p>\n<p>Au total et hors r\u00e9serve strat\u00e9gique, les stocks se sont \u00e9tablis \u00e0 420,7 millions de barils, au plus bas depuis un mois.<\/p>\n<p>La r\u00e9serve strat\u00e9gique a, elle, l\u00e9g\u00e8rement gonfl\u00e9, \u00e0 403,4 millions de barils.<\/p>\n<p>Cette baisse plus marqu\u00e9e qu&rsquo;attendu peut \u00eatre attribuable \u00e0 une nette hausse des exportations (+22% par rapport \u00e0 la p\u00e9riode pr\u00e9c\u00e9dente), au plus haut depuis avril. En parall\u00e8le, les importations ont l\u00e9g\u00e8rement diminu\u00e9 (-6%).<\/p>\n<p>Les raffineries am\u00e9ricaines ont aussi utilis\u00e9 leurs capacit\u00e9s de fa\u00e7on plus marqu\u00e9e que lors de la p\u00e9riode pr\u00e9c\u00e9dente, \u00e0 96,6% (contre 96,4%), faisant l\u00e9g\u00e8rement grimper la quantit\u00e9 de brut utilis\u00e9 par ces installations.<\/p>\n<p>La production am\u00e9ricaine de brut a quelque peu augment\u00e9, \u00e0 13,38 millions de barils quotidiens (contre 13,33 millions).<\/p>\n<p>En th\u00e9orie, une baisse plus marqu\u00e9e qu&rsquo;anticip\u00e9 des r\u00e9serves de brut est de nature \u00e0 soutenir les prix de l&rsquo;or noir. Mais la publication du rapport hebdomadaire de l&rsquo;EIA a quelque peu ralenti la progression des cours mercredi.<\/p>\n<p>Vers 15H00 GMT, le prix du baril de Brent de la mer du Nord prenait 0,87% \u00e0 66,36 dollars.<\/p>\n<p>Son \u00e9quivalent am\u00e9ricain, le baril de West Texas Intermediate avan\u00e7ait de 0,82% \u00e0 62,86 dollars.<\/p>\n<p>La quantit\u00e9 de produits livr\u00e9s au march\u00e9 am\u00e9ricain, indicateur implicite de la demande, est rest\u00e9e pratiquement stable (+0,7%), mais la demande en essence &#8211; cat\u00e9gorie tr\u00e8s suivie par les op\u00e9rateurs &#8211; a l\u00e9g\u00e8rement diminu\u00e9 (-1,8%).<\/p>\n<p>En outre, et comme chaque semaine, l&rsquo;EIA a une nouvelle fois corrig\u00e9 les donn\u00e9es des p\u00e9riodes pr\u00e9c\u00e9dentes.<\/p>\n<p>L&rsquo;agence a ajout\u00e9, cette fois, environ 385.000 barils quotidiens aux volumes arriv\u00e9s sur le march\u00e9 am\u00e9ricain, au titre de cette correction statistique, qui n&rsquo;a pas de rapport avec l&rsquo;activit\u00e9 de la semaine consid\u00e9r\u00e9e.<\/p>\n<p>afp\/rp<\/p>\n","protected":false},"excerpt":{"rendered":"Washington (awp\/afp) &#8211; Les stocks commerciaux de p\u00e9trole aux \u00c9tats-Unis ont connu un recul plus important que pr\u00e9vu&hellip;\n","protected":false},"author":2,"featured_media":332213,"comment_status":"","ping_status":"","sticky":false,"template":"","format":"standard","meta":{"footnotes":""},"categories":[1589],"tags":[11,340,73,1866,12,1864,1865,1863,308],"class_list":{"0":"post-332212","1":"post","2":"type-post","3":"status-publish","4":"format-standard","5":"has-post-thumbnail","7":"category-etats-unis","8":"tag-actualites","9":"tag-bourse","10":"tag-etats-unis","11":"tag-etats-unis-damerique","12":"tag-news","13":"tag-united-states","14":"tag-united-states-of-america","15":"tag-us","16":"tag-usa"},"share_on_mastodon":{"url":"https:\/\/pubeurope.com\/@fr\/115062579096897283","error":""},"_links":{"self":[{"href":"https:\/\/www.europesays.com\/fr\/wp-json\/wp\/v2\/posts\/332212","targetHints":{"allow":["GET"]}}],"collection":[{"href":"https:\/\/www.europesays.com\/fr\/wp-json\/wp\/v2\/posts"}],"about":[{"href":"https:\/\/www.europesays.com\/fr\/wp-json\/wp\/v2\/types\/post"}],"author":[{"embeddable":true,"href":"https:\/\/www.europesays.com\/fr\/wp-json\/wp\/v2\/users\/2"}],"replies":[{"embeddable":true,"href":"https:\/\/www.europesays.com\/fr\/wp-json\/wp\/v2\/comments?post=332212"}],"version-history":[{"count":0,"href":"https:\/\/www.europesays.com\/fr\/wp-json\/wp\/v2\/posts\/332212\/revisions"}],"wp:featuredmedia":[{"embeddable":true,"href":"https:\/\/www.europesays.com\/fr\/wp-json\/wp\/v2\/media\/332213"}],"wp:attachment":[{"href":"https:\/\/www.europesays.com\/fr\/wp-json\/wp\/v2\/media?parent=332212"}],"wp:term":[{"taxonomy":"category","embeddable":true,"href":"https:\/\/www.europesays.com\/fr\/wp-json\/wp\/v2\/categories?post=332212"},{"taxonomy":"post_tag","embeddable":true,"href":"https:\/\/www.europesays.com\/fr\/wp-json\/wp\/v2\/tags?post=332212"}],"curies":[{"name":"wp","href":"https:\/\/api.w.org\/{rel}","templated":true}]}}