{"id":332214,"date":"2025-08-20T18:46:11","date_gmt":"2025-08-20T18:46:11","guid":{"rendered":"https:\/\/www.europesays.com\/fr\/332214\/"},"modified":"2025-08-20T18:46:11","modified_gmt":"2025-08-20T18:46:11","slug":"buckingham-palace-menace-le-demenagement-du-prince-william-relance-le-debat","status":"publish","type":"post","link":"https:\/\/www.europesays.com\/fr\/332214\/","title":{"rendered":"Buckingham Palace menac\u00e9 ? Le d\u00e9m\u00e9nagement du prince William relance le d\u00e9bat"},"content":{"rendered":"<p>Londres &#8211; Le prince h\u00e9ritier William et sa famille ont pr\u00e9vu de s\u2019installer dans une nouvelle propri\u00e9t\u00e9 sur le domaine de Windsor, suscitant des interrogations sur l\u2019avenir du palais de Buckingham, actuellement r\u00e9nov\u00e9 \u00e0 grands frais.<\/p>\n<p>Selon le tablo\u00efd The Sun, le couple princier et ses trois enfants ont trouv\u00e9 en Forest Lodge, manoir de huit chambres \u00e0 Windsor, \u00e0 l\u2019ouest de Londres, leur \u00abmaison pour toujours\u00bb.<\/p>\n<p>Le palais de Kensington, qui g\u00e8re la communication de William et Kate, a confirm\u00e9 \u00e0 l\u2019AFP que la famille allait d\u00e9m\u00e9nager \u00abplus tard cette ann\u00e9e\u00bb.<\/p>\n<p>Elle vivait d\u00e9j\u00e0 sur le domaine royal, dans un logement plus petit.<\/p>\n<p>Si le futur roi et sa famille s\u2019installent d\u00e9finitivement \u00e0 Windsor, le palais de Buckingham, en r\u00e9fection au centre de Londres, cessera d&rsquo;\u00eatre la r\u00e9sidence officielle du monarque britannique comme elle l&rsquo;\u00e9tait depuis 1837.<\/p>\n<p>Pour le commentateur royal Richard Fitzwilliams, ce \u00abserait une catastrophe si Buckingham \u00e9tait mis \u00e0 l&rsquo;\u00e9cart\u00bb.<\/p>\n<p>\u00abC\u2019est un b\u00e2timent embl\u00e9matique, comparable \u00e0 la Maison Blanche et connu dans le monde entier\u00bb, dit-il \u00e0 l\u2019AFP.<\/p>\n<p>Situ\u00e9 au c\u0153ur de la capitale, le palais aux 755 pi\u00e8ces est une attraction tr\u00e8s pris\u00e9e des touristes. Environ 500.000 le visitent chaque ann\u00e9e durant les mois d&rsquo;\u00e9t\u00e9.<\/p>\n<p> 425 millions d\u2019euros <\/p>\n<p>D\u2019un point de vue institutionnel, c\u2019est le coeur battant de la monarchie britannique, avec ses nombreuses c\u00e9r\u00e9monies officielles, garden-parties estivales et son c\u00e9l\u00e8bre balcon, d\u2019o\u00f9 la famille royale salue le public lors de c\u00e9r\u00e9monies comme l\u2019anniversaire du roi (Trooping the Colour).<\/p>\n<p>Le roi Charles III, 76 ans, n\u2019y habite cependant pas, car d\u2019importants travaux de r\u00e9novation y sont en cours. Un chantier \u00e9valu\u00e9 \u00e0 369 millions de livres (425 millions d\u2019euros) et qui doit durer jusqu\u2019en 2027.<\/p>\n<p>Charles, qui a annonc\u00e9 d\u00e9but 2024 souffrir d\u2019un cancer dont la nature n\u2019a jamais \u00e9t\u00e9 d\u00e9voil\u00e9e, a assur\u00e9 qu\u2019il comptait faire du palais de Buckingham sa base londonienne une fois les travaux achev\u00e9s. <\/p>\n<p>Reste que \u00abcompte tenu de son combat contre le cancer, cela pourrait ne pas arriver\u00bb souligne Richard Fitzwilliams.<\/p>\n<p>Le monarque n\u2019a d\u2019ailleurs jamais cach\u00e9 pr\u00e9f\u00e9rer sa r\u00e9sidence de Clarence House, \u00e0 Londres, o\u00f9 il vit depuis 2003.<\/p>\n<p> Nombreuses r\u00e9sidences <\/p>\n<p>Buckingham palace n\u2019est qu\u2019une des nombreuses propri\u00e9t\u00e9s utilis\u00e9es par la famille royale, qu\u2019elles soient priv\u00e9es ou appartenant \u00e0 la Couronne.<\/p>\n<p>Les r\u00e9sidences pr\u00e9f\u00e9r\u00e9es de la d\u00e9funte reine Elizabeth II \u00e9taient le ch\u00e2teau de Windsor et le ch\u00e2teau de Balmoral, en \u00c9cosse, o\u00f9 elle se retirait chaque \u00e9t\u00e9.<\/p>\n<p>Les No\u00ebls \u00e9taient eux pass\u00e9s \u00e0 Sandringham House, dans l\u2019est de l\u2019Angleterre.<\/p>\n<p>Charles, lui, s\u2019est beaucoup investi dans sa r\u00e9sidence de Highgrove House dans l\u2019ouest de l\u2019Angleterre, o\u00f9 il a con\u00e7u des jardins et une ferme enti\u00e8rement biologique.<\/p>\n<p>Quant \u00e0 William et Kate, ils disposent \u00e9galement de plusieurs r\u00e9sidences, \u00e0 Londres et dans la campagne anglaise.<\/p>\n<p>William n\u2019a jamais abord\u00e9 la question de l\u2019avenir du palais de Buckingham. Selon le Daily Mail, il pourrait, une fois devenu roi, s\u2019inscrire dans les pas de son p\u00e8re en ouvrant davantage l\u2019institution au public. <\/p>\n<p>Pour Richard Fitzwilliams, Buckingham \u00abdoit absolument rester le centre de la monarchie, que William et Catherine y vivent ou non\u00bb.<\/p>\n<p>\u00abJe crains qu\u2019un futur roi \u00e0 temps partiel cach\u00e9 \u00e0 Forest Lodge&#8230; puisse entra\u00eener une baisse du soutien de ses sujets\u00bb, a pour sa part \u00e9crit la chroniqueuse du Daily Mail, Amanda Platell.<\/p>\n<p>Un sondage YouGov publi\u00e9 en 2024 r\u00e9v\u00e9lait que seulement un tiers (35%) des 18-24 ans se disaient favorable au maintien de la monarchie, contre un soutien \u00abassez large\u00bb dans la population en g\u00e9n\u00e9ral.<\/p>\n<p>Helen ROWE<\/p>\n<p>\u00a9 Agence France-Presse<\/p>\n","protected":false},"excerpt":{"rendered":"Londres &#8211; Le prince h\u00e9ritier William et sa famille ont pr\u00e9vu de s\u2019installer dans une nouvelle propri\u00e9t\u00e9 sur&hellip;\n","protected":false},"author":2,"featured_media":332215,"comment_status":"","ping_status":"","sticky":false,"template":"","format":"standard","meta":{"footnotes":""},"categories":[1588],"tags":[11,1777,674,12,473,1853,1851,1850,1852],"class_list":{"0":"post-332214","1":"post","2":"type-post","3":"status-publish","4":"format-standard","5":"has-post-thumbnail","7":"category-royaume-uni","8":"tag-actualites","9":"tag-eu","10":"tag-europe","11":"tag-news","12":"tag-royaume-uni","13":"tag-royaume-uni-de-grande-bretagne-et-dirlande-du-nord","14":"tag-uk","15":"tag-united-kingdom","16":"tag-united-kingdom-of-great-britain-and-northern-ireland"},"share_on_mastodon":{"url":"https:\/\/pubeurope.com\/@fr\/115062583107757593","error":""},"_links":{"self":[{"href":"https:\/\/www.europesays.com\/fr\/wp-json\/wp\/v2\/posts\/332214","targetHints":{"allow":["GET"]}}],"collection":[{"href":"https:\/\/www.europesays.com\/fr\/wp-json\/wp\/v2\/posts"}],"about":[{"href":"https:\/\/www.europesays.com\/fr\/wp-json\/wp\/v2\/types\/post"}],"author":[{"embeddable":true,"href":"https:\/\/www.europesays.com\/fr\/wp-json\/wp\/v2\/users\/2"}],"replies":[{"embeddable":true,"href":"https:\/\/www.europesays.com\/fr\/wp-json\/wp\/v2\/comments?post=332214"}],"version-history":[{"count":0,"href":"https:\/\/www.europesays.com\/fr\/wp-json\/wp\/v2\/posts\/332214\/revisions"}],"wp:featuredmedia":[{"embeddable":true,"href":"https:\/\/www.europesays.com\/fr\/wp-json\/wp\/v2\/media\/332215"}],"wp:attachment":[{"href":"https:\/\/www.europesays.com\/fr\/wp-json\/wp\/v2\/media?parent=332214"}],"wp:term":[{"taxonomy":"category","embeddable":true,"href":"https:\/\/www.europesays.com\/fr\/wp-json\/wp\/v2\/categories?post=332214"},{"taxonomy":"post_tag","embeddable":true,"href":"https:\/\/www.europesays.com\/fr\/wp-json\/wp\/v2\/tags?post=332214"}],"curies":[{"name":"wp","href":"https:\/\/api.w.org\/{rel}","templated":true}]}}