{"id":332216,"date":"2025-08-20T18:47:13","date_gmt":"2025-08-20T18:47:13","guid":{"rendered":"https:\/\/www.europesays.com\/fr\/332216\/"},"modified":"2025-08-20T18:47:13","modified_gmt":"2025-08-20T18:47:13","slug":"tour-dallemagne-soren-waerenskjold-remporte-le-prologue","status":"publish","type":"post","link":"https:\/\/www.europesays.com\/fr\/332216\/","title":{"rendered":"Tour d&rsquo;Allemagne : S\u00f8ren W\u00e6renskjold remporte le prologue"},"content":{"rendered":"<p style=\"text-align: justify;\">S\u00f8ren W\u00e6renskjold (Uno-X Mobility) a remport\u00e9, ce mercredi, le prologue du Tour d\u2019Allemagne 2025. Au terme du trac\u00e9 de 3,1 kilom\u00e8tres dans les rues d\u2019Essen, le Norv\u00e9gien a sign\u00e9 le meilleur temps en 3:31\u2033, \u00e0 plus de 52 Km\/h de moyenne. Il devance Samuel Watson (Ineos Grenadiers), +01\u2033, et Marco Haller (Tudor Pro Cycling Team), +02\u2033. <a href=\"https:\/\/www.velo101.com\/courses\/tour-de-france\/tour-de-france-wout-van-aert-triomphe-sur-les-champs-elysees\/\" rel=\"nofollow noopener\" target=\"_blank\">Wout van Aert<\/a> (Visma | Lease a Bike) prend la 5\u1d49 place \u00e0 02\u2033.<\/p>\n<blockquote class=\"twitter-tweet\" data-media-max-width=\"560\">\n<p dir=\"ltr\" lang=\"no\">New leader: S\u00f8ren W\u00e6renskjold! <a href=\"https:\/\/twitter.com\/hashtag\/DeineTour?src=hash&amp;ref_src=twsrc%5Etfw\" rel=\"nofollow noopener\" target=\"_blank\">#DeineTour<\/a> <a href=\"https:\/\/t.co\/RSR1Dtj4nX\" rel=\"nofollow\">pic.twitter.com\/RSR1Dtj4nX<\/a><\/p>\n<p>\u2014 Eemeli (@LosBrolin) <a href=\"https:\/\/twitter.com\/LosBrolin\/status\/1958196854635606272?ref_src=twsrc%5Etfw\" rel=\"nofollow noopener\" target=\"_blank\">August 20, 2025<\/a><\/p>\n<\/blockquote>\n<p>Le classement du prologue du Tour d\u2019Allemagne<\/p>\n<ol>\n<li>S\u00f8ren W\u00e6renskjold<\/li>\n<li>Samuel Watson<\/li>\n<li>Marco Haller<\/li>\n<\/ol>\n<p>Results powered by <a title=\"FirstCycling.com\" href=\"https:\/\/firstcycling.com\/race.php?r=36&amp;y=2025\" rel=\"nofollow noopener\" target=\"_blank\">FirstCycling.com<\/a><\/p>\n<p><img fetchpriority=\"high\" decoding=\"async\" class=\"alignleft size-full wp-image-184517\" src=\"data:image\/svg+xml,%3Csvg%20xmlns=\" http:=\"\" alt=\"\" width=\"887\" height=\"603\" data-lazy- data-lazy- data-lazy-src=\"https:\/\/www.europesays.com\/fr\/wp-content\/uploads\/2025\/08\/soren-.png\"\/><\/p>\n<p>                        <script async src=\"https:\/\/platform.twitter.com\/widgets.js\" charset=\"utf-8\"><\/script><\/p>\n","protected":false},"excerpt":{"rendered":"S\u00f8ren W\u00e6renskjold (Uno-X Mobility) a remport\u00e9, ce mercredi, le prologue du Tour d\u2019Allemagne 2025. Au terme du trac\u00e9&hellip;\n","protected":false},"author":2,"featured_media":332217,"comment_status":"","ping_status":"","sticky":false,"template":"","format":"standard","meta":{"footnotes":""},"categories":[1587],"tags":[11,672,1804,1805,1803,1777,674,1801,12,1802],"class_list":{"0":"post-332216","1":"post","2":"type-post","3":"status-publish","4":"format-standard","5":"has-post-thumbnail","7":"category-allemagne","8":"tag-actualites","9":"tag-allemagne","10":"tag-bundesrepublik-deutschland","11":"tag-de","12":"tag-deutschland","13":"tag-eu","14":"tag-europe","15":"tag-germany","16":"tag-news","17":"tag-republique-federale-dallemagne"},"share_on_mastodon":{"url":"https:\/\/pubeurope.com\/@fr\/115062587002969598","error":""},"_links":{"self":[{"href":"https:\/\/www.europesays.com\/fr\/wp-json\/wp\/v2\/posts\/332216","targetHints":{"allow":["GET"]}}],"collection":[{"href":"https:\/\/www.europesays.com\/fr\/wp-json\/wp\/v2\/posts"}],"about":[{"href":"https:\/\/www.europesays.com\/fr\/wp-json\/wp\/v2\/types\/post"}],"author":[{"embeddable":true,"href":"https:\/\/www.europesays.com\/fr\/wp-json\/wp\/v2\/users\/2"}],"replies":[{"embeddable":true,"href":"https:\/\/www.europesays.com\/fr\/wp-json\/wp\/v2\/comments?post=332216"}],"version-history":[{"count":0,"href":"https:\/\/www.europesays.com\/fr\/wp-json\/wp\/v2\/posts\/332216\/revisions"}],"wp:featuredmedia":[{"embeddable":true,"href":"https:\/\/www.europesays.com\/fr\/wp-json\/wp\/v2\/media\/332217"}],"wp:attachment":[{"href":"https:\/\/www.europesays.com\/fr\/wp-json\/wp\/v2\/media?parent=332216"}],"wp:term":[{"taxonomy":"category","embeddable":true,"href":"https:\/\/www.europesays.com\/fr\/wp-json\/wp\/v2\/categories?post=332216"},{"taxonomy":"post_tag","embeddable":true,"href":"https:\/\/www.europesays.com\/fr\/wp-json\/wp\/v2\/tags?post=332216"}],"curies":[{"name":"wp","href":"https:\/\/api.w.org\/{rel}","templated":true}]}}