{"id":332220,"date":"2025-08-20T18:49:10","date_gmt":"2025-08-20T18:49:10","guid":{"rendered":"https:\/\/www.europesays.com\/fr\/332220\/"},"modified":"2025-08-20T18:49:10","modified_gmt":"2025-08-20T18:49:10","slug":"leurope-doit-arreter-de-ceder-pour-amadouer","status":"publish","type":"post","link":"https:\/\/www.europesays.com\/fr\/332220\/","title":{"rendered":"\u00ab\u00a0L\u2019Europe doit arr\u00eater de c\u00e9der pour amadouer\u00a0\u00bb"},"content":{"rendered":"<p>Que vaut le sursaut europ\u00e9en\u00a0? La venue en force des Europ\u00e9ens \u00e0 Washington, lundi 18\u00a0ao\u00fbt, a relanc\u00e9 l&rsquo;espoir dans le Vieux Continent. Apr\u00e8s <a class=\"Link\" href=\"https:\/\/www.lepoint.fr\/monde\/entre-trump-et-poutine-des-courbettes-mais-pas-de-deal-16-08-2025-2596429_24.php\" title=\"\" data-gtm=\"click:capsule\" data-capsule=\"Lien\" target=\"_blank\" rel=\"noopener\">la rencontre Trump-Poutine d&rsquo;Anchorage<\/a>, le jour de l&rsquo;Assomption, le spectre d&rsquo;un Yalta russo-am\u00e9ricain en l&rsquo;absence et aux d\u00e9pens des Ukrainiens et de l&rsquo;<a class=\"Link\" href=\"https:\/\/www.lepoint.fr\/tags\/union-europeenne\" data-gtm=\"click:capsule\" data-capsule=\"Lien\" target=\"_blank\" rel=\"noopener\">Union europ\u00e9enne<\/a> imposait une contre-offensive diplomatique.<\/p>\n<p>Mais les images du Bureau ovale sont \u00e0 double tranchant. L&rsquo;\u00c9lys\u00e9e et les autres capitales europ\u00e9ennes se flattent d&rsquo;avoir rectifi\u00e9 la trajectoire du locataire de la Maison-Blanche. D&rsquo;autres, sceptiques, moquent les suppliants affluant \u00e0 la cour du roi fou de l&rsquo;Occident.<\/p>\n<p>Ancien pr\u00e9sident de la commission des Affaires \u00e9trang\u00e8res de l&rsquo;Assembl\u00e9e nationale (2021-2024), <a class=\"Link\" href=\"https:\/\/www.lepoint.fr\/politique\/jean-louis-bourlanges-nous-sommes-sur-la-pente-du-declin-08-02-2025-2581823_20.php\" title=\"\" data-gtm=\"click:capsule\" data-capsule=\"Lien\" target=\"_blank\" rel=\"noopener\">Jean-Louis Bourlanges<\/a> trace la voie pour que la diplomatie fran\u00e7aise et euro&#8230;<\/p>\n<p>Toute l\u2019actualit\u00e9 \u00e0 1\u20ac le premier mois<\/p>\n<p><a href=\"https:\/\/abo.lepoint.fr\/?provenance=21EDI020098\" class=\"btn\" title=\"S&#039;abonner\" data-gtm=\"click:abo|display:abo\" data-campaign=\"paywall_maison\" target=\"_blank\" rel=\"noopener\">S&rsquo;abonner<\/a><\/p>\n<p>ou<\/p>\n","protected":false},"excerpt":{"rendered":"Que vaut le sursaut europ\u00e9en\u00a0? La venue en force des Europ\u00e9ens \u00e0 Washington, lundi 18\u00a0ao\u00fbt, a relanc\u00e9 l&rsquo;espoir&hellip;\n","protected":false},"author":2,"featured_media":332221,"comment_status":"","ping_status":"","sticky":false,"template":"","format":"standard","meta":{"footnotes":""},"categories":[1586],"tags":[11,75,73,1777,674,1779,1011,27,46941,12,25,132,1778,364,135],"class_list":{"0":"post-332220","1":"post","2":"type-post","3":"status-publish","4":"format-standard","5":"has-post-thumbnail","7":"category-europe","8":"tag-actualites","9":"tag-donald-trump","10":"tag-etats-unis","11":"tag-eu","12":"tag-europe","13":"tag-european-union","14":"tag-fr","15":"tag-france","16":"tag-jean-louis-bourlanges","17":"tag-news","18":"tag-republique-francaise","19":"tag-russie","20":"tag-ue","21":"tag-union-europeenne","22":"tag-vladimir-poutine"},"share_on_mastodon":{"url":"https:\/\/pubeurope.com\/@fr\/115062594848751418","error":""},"_links":{"self":[{"href":"https:\/\/www.europesays.com\/fr\/wp-json\/wp\/v2\/posts\/332220","targetHints":{"allow":["GET"]}}],"collection":[{"href":"https:\/\/www.europesays.com\/fr\/wp-json\/wp\/v2\/posts"}],"about":[{"href":"https:\/\/www.europesays.com\/fr\/wp-json\/wp\/v2\/types\/post"}],"author":[{"embeddable":true,"href":"https:\/\/www.europesays.com\/fr\/wp-json\/wp\/v2\/users\/2"}],"replies":[{"embeddable":true,"href":"https:\/\/www.europesays.com\/fr\/wp-json\/wp\/v2\/comments?post=332220"}],"version-history":[{"count":0,"href":"https:\/\/www.europesays.com\/fr\/wp-json\/wp\/v2\/posts\/332220\/revisions"}],"wp:featuredmedia":[{"embeddable":true,"href":"https:\/\/www.europesays.com\/fr\/wp-json\/wp\/v2\/media\/332221"}],"wp:attachment":[{"href":"https:\/\/www.europesays.com\/fr\/wp-json\/wp\/v2\/media?parent=332220"}],"wp:term":[{"taxonomy":"category","embeddable":true,"href":"https:\/\/www.europesays.com\/fr\/wp-json\/wp\/v2\/categories?post=332220"},{"taxonomy":"post_tag","embeddable":true,"href":"https:\/\/www.europesays.com\/fr\/wp-json\/wp\/v2\/tags?post=332220"}],"curies":[{"name":"wp","href":"https:\/\/api.w.org\/{rel}","templated":true}]}}