{"id":332224,"date":"2025-08-20T18:51:13","date_gmt":"2025-08-20T18:51:13","guid":{"rendered":"https:\/\/www.europesays.com\/fr\/332224\/"},"modified":"2025-08-20T18:51:13","modified_gmt":"2025-08-20T18:51:13","slug":"info-rtl-mort-de-jean-pormanove-lors-de-la-premiere-enquete-le-streamer-avait-refuse-de-porter-plainte","status":"publish","type":"post","link":"https:\/\/www.europesays.com\/fr\/332224\/","title":{"rendered":"INFO RTL &#8211; Mort de Jean Pormanove : lors de la premi\u00e8re enqu\u00eate, le streamer avait refus\u00e9 de porter plainte"},"content":{"rendered":"<p class=\"article-p mdl\">La mort de Jean Pormanove, dans la nuit du dimanche 17 au lundi 18 ao\u00fbt, a suscit\u00e9 l&rsquo;indignation. Alors qu&rsquo;une enqu\u00eate a \u00e9t\u00e9 ouverte par la police judiciaire de Nice pour \u00ab\u00a0recherche des causes de la mort\u00a0\u00bb, le <strong>corps du streamer va \u00eatre autopsi\u00e9<\/strong> jeudi 21 ao\u00fbt. Cette nouvelle enqu\u00eate vient s&rsquo;ajouter \u00e0 celle ouverte en d\u00e9cembre 2024<\/p>\n<p class=\"article-p mdl\">Lors de la premi\u00e8re proc\u00e9dure lanc\u00e9e il y a huit mois, apr\u00e8s la diffusion d&rsquo;un article de Mediapart, <strong>la victime avait refus\u00e9 de porter plainte<\/strong>, selon les informations de RTL. Il se disait alors \u00ab\u00a0totalement libre de ses mouvements et de ses d\u00e9cisions\u00a0\u00bb, avait pr\u00e9cis\u00e9 le parquet ce mercredi 20 ao\u00fbt au matin.\u00a0<\/p>\n<p class=\"article-p mdl\">Lors de leurs auditions en janvier 2025,\u00a0<a class=\"link\" href=\"https:\/\/www.rtl.fr\/actu\/justice-faits-divers\/mort-de-jean-pormanove-humiliations-consentement-autopsie-sur-quels-elements-va-se-porter-l-enquete-7900531823\" title=\"Mort de Jean Pormanove : humiliations, consentement, autopsie\u2026 Sur quels \u00e9l\u00e9ments va se porter l\u2019enqu\u00eate ?\" target=\"_blank\" rel=\"noopener\">Jean Pormanove<\/a>\u00a0et Coudoux (un autre streamer maltrait\u00e9) \u00ab\u00a0contestaient fermement \u00eatre victimes de violences, indiquant que les faits s&rsquo;inscrivaient dans des mises en sc\u00e8ne visant \u00e0 &lsquo;faire le buzz&rsquo; pour gagner de l&rsquo;argent\u00a0\u00bb, a indiqu\u00e9 le procureur de Nice, Damien Martinelli, dans ce m\u00eame communiqu\u00e9.<\/p>\n<p class=\"article-p mdl\">Ce dernier a indiqu\u00e9 que <strong>\u00ab\u00a0plusieurs auditions de personnes pr\u00e9sentes au moment du d\u00e9c\u00e8s ont \u00e9t\u00e9 faites\u00a0\u00bb<\/strong>. Par ailleurs, \u00ab\u00a0de nombreuses saisies de mat\u00e9riels et vid\u00e9os\u00a0\u00bb ont \u00e9t\u00e9 r\u00e9alis\u00e9es \u00ab\u00a0afin notamment de pr\u00e9ciser les faits intervenus en amont du d\u00e9c\u00e8s et susceptibles d&rsquo;avoir pu contribuer \u00e0 celui-ci\u00a0\u00bb, a-t-il pr\u00e9cis\u00e9.<\/p>\n<p>            \u00c0 \u00e9couter \u00e9galement dans ce journal<\/p>\n<p class=\"article-p mdl\"><strong>Choisy-le-Roi\u00a0<\/strong>&#8211;\u00a0Les quatre corps d\u00e9couverts dans la Seine ont conduit \u00e0 la mise en\u00a0<a class=\"link\" href=\"https:\/\/www.rtl.fr\/actu\/justice-faits-divers\/choisy-le-roi-apres-la-decouverte-des-corps-dans-la-seine-un-homme-est-en-garde-a-vue-7900531871\" title=\"Choisy-le-Roi : apr\u00e8s la d\u00e9couverte des corps dans la Seine, un homme est en garde \u00e0 vue\" target=\"_blank\" rel=\"noopener\">garde \u00e0 vue d&rsquo;un homme soup\u00e7onn\u00e9 de \u00ab\u00a0meurtres commis en concours\u00a0\u00bb<\/a>. Il est actuellement entendu\u00a0dans les locaux de la brigade criminelle de la police judiciaire de Paris. D&rsquo;apr\u00e8s les informations de RTL, l&rsquo;homme est n\u00e9 en 2000 en Alg\u00e9rie et vit dans la rue.<\/p>\n<p class=\"article-p mdl\"><strong>Vend\u00e9e\u00a0<\/strong>&#8211;\u00a0<a class=\"link\" href=\"https:\/\/www.rtl.fr\/actu\/justice-faits-divers\/je-me-suis-prive-pour-mes-petits-enfants-des-vacanciers-depites-par-la-fermeture-d-un-camping-en-vendee-7900531894\" title=\"&quot;Je me suis priv\u00e9 pour mes petits-enfants&quot; : des vacanciers d\u00e9pit\u00e9s par la fermeture d&#039;un camping en Vend\u00e9e\" target=\"_blank\" rel=\"noopener\">Le pr\u00e9fet a demand\u00e9 la fermeture du camping Le Sable d&rsquo;Or, \u00e0 la Tranche-sur-Mer<\/a>, apr\u00e8s de graves manquements \u00e0 l&rsquo;hygi\u00e8ne, \u00e0 la s\u00e9curit\u00e9, et \u00e0 la sant\u00e9 publique, laissant des vacanciers d\u00e9pit\u00e9s.<\/p>\n<p class=\"article-p mdl\"><strong>Gaza<\/strong> &#8211;\u00a0<a class=\"link\" href=\"https:\/\/www.rtl.fr\/actu\/international\/prise-de-la-ville-de-gaza-israel-ordonne-le-rappel-de-60-000-reservistes-macron-craint-un-desastre-7900531900\" title=\"Prise de la ville de Gaza : Isra\u00ebl ordonne le rappel de 60.000 r\u00e9servistes, Macron craint &quot;un d\u00e9sastre&quot;\" target=\"_blank\" rel=\"noopener\">\u00ab\u00a0L&rsquo;offensive militaire que pr\u00e9pare Isra\u00ebl ne peut conduire qu&rsquo;\u00e0 un d\u00e9sastre\u00a0\u00bb, a r\u00e9agi Emmanuel Macron<\/a>, apr\u00e8s l&rsquo;annonce du rappel de 60.000 r\u00e9servistes en Isra\u00ebl en vue de la prise de Gaza ville.<\/p>\n<p>    La r\u00e9daction vous recommande<\/p>\n<p class=\"s-newsletter__title\">\n                L\u2019actualit\u00e9 par la r\u00e9daction de RTL dans votre bo\u00eete mail.\n            <\/p>\n<p class=\"s-newsletter__subtitle\">\n                Gr\u00e2ce \u00e0 votre compte RTL abonnez-vous \u00e0 la newsletter RTL info pour suivre toute l&rsquo;actualit\u00e9 au quotidien\n            <\/p>\n<p>\n                                    Lire la suite\n                                <\/p>\n","protected":false},"excerpt":{"rendered":"La mort de Jean Pormanove, dans la nuit du dimanche 17 au lundi 18 ao\u00fbt, a suscit\u00e9 l&rsquo;indignation.&hellip;\n","protected":false},"author":2,"featured_media":332225,"comment_status":"","ping_status":"","sticky":false,"template":"","format":"standard","meta":{"footnotes":""},"categories":[2],"tags":[11,107,1011,27,21333,18,12,362,360,25,128],"class_list":{"0":"post-332224","1":"post","2":"type-post","3":"status-publish","4":"format-standard","5":"has-post-thumbnail","7":"category-actualites","8":"tag-actualites","9":"tag-fil-info","10":"tag-fr","11":"tag-france","12":"tag-journaux-courts","13":"tag-mort","14":"tag-news","15":"tag-replay","16":"tag-replay-integral","17":"tag-republique-francaise","18":"tag-streaming"},"share_on_mastodon":{"url":"https:\/\/pubeurope.com\/@fr\/115062602704419558","error":""},"_links":{"self":[{"href":"https:\/\/www.europesays.com\/fr\/wp-json\/wp\/v2\/posts\/332224","targetHints":{"allow":["GET"]}}],"collection":[{"href":"https:\/\/www.europesays.com\/fr\/wp-json\/wp\/v2\/posts"}],"about":[{"href":"https:\/\/www.europesays.com\/fr\/wp-json\/wp\/v2\/types\/post"}],"author":[{"embeddable":true,"href":"https:\/\/www.europesays.com\/fr\/wp-json\/wp\/v2\/users\/2"}],"replies":[{"embeddable":true,"href":"https:\/\/www.europesays.com\/fr\/wp-json\/wp\/v2\/comments?post=332224"}],"version-history":[{"count":0,"href":"https:\/\/www.europesays.com\/fr\/wp-json\/wp\/v2\/posts\/332224\/revisions"}],"wp:featuredmedia":[{"embeddable":true,"href":"https:\/\/www.europesays.com\/fr\/wp-json\/wp\/v2\/media\/332225"}],"wp:attachment":[{"href":"https:\/\/www.europesays.com\/fr\/wp-json\/wp\/v2\/media?parent=332224"}],"wp:term":[{"taxonomy":"category","embeddable":true,"href":"https:\/\/www.europesays.com\/fr\/wp-json\/wp\/v2\/categories?post=332224"},{"taxonomy":"post_tag","embeddable":true,"href":"https:\/\/www.europesays.com\/fr\/wp-json\/wp\/v2\/tags?post=332224"}],"curies":[{"name":"wp","href":"https:\/\/api.w.org\/{rel}","templated":true}]}}