{"id":332238,"date":"2025-08-20T19:00:16","date_gmt":"2025-08-20T19:00:16","guid":{"rendered":"https:\/\/www.europesays.com\/fr\/332238\/"},"modified":"2025-08-20T19:00:16","modified_gmt":"2025-08-20T19:00:16","slug":"sylvain-moniquet-piege-les-francais-et-decroche-la-2e-etape-du-tour-du-limousin-ewen-costiou-en-jaune-lequipe","status":"publish","type":"post","link":"https:\/\/www.europesays.com\/fr\/332238\/","title":{"rendered":"Sylvain Moniquet pi\u00e8ge les Fran\u00e7ais et d\u00e9croche la 2e \u00e9tape du Tour du Limousin, Ewen Costiou en jaune &#8211; L&#039;\u00c9quipe"},"content":{"rendered":"<ol>\n<li><a href=\"https:\/\/news.google.com\/rss\/articles\/CBMi9AFBVV95cUxQbGFZTWx4NFB1TGhNdTEwUmZXd3R6WHUtX0llZ2hMS0xITUhESlpfSDFWSzU5VFkwSmpxOUJ0QzFhbGxybGRxbkZqT1FEdXdtN080WGlmc3BGSng2OHpJSzZXbUVGTlZ4U1h0aEFaVVhmNGVVQ25tVXA0eVE3UDRhU2ZSSnRvRldVVlVkelBfOE5HSkpiMlg1akpFcnFmQlJCd0k4ajZESy1KRUJ2Y09YTDZENUVsaDdab0ZUdUNiYXhUN1dYOEtOYmp5NjI0OXVKS3lNT3QySlhYOXBHYmdwdmhuVngtZk5sN2w1WUJQSWtISEdK?oc=5\" target=\"_blank\" rel=\"nofollow noopener\">Sylvain Moniquet pi\u00e8ge les Fran\u00e7ais et d\u00e9croche la 2e \u00e9tape du Tour du Limousin, Ewen Costiou en jaune<\/a>&nbsp;&nbsp;L&rsquo;\u00c9quipe<\/li>\n<li><a href=\"https:\/\/news.google.com\/rss\/articles\/CBMiwgFBVV95cUxQQms4d19QRTBnQVA5NkJQb2NNSC1WT0ZaV2F3a0JwNGN3NVFLaksyX0F2NG41dWRjVDAyalZNajJvVGZBTlFSR1ZNdDMyTXlvS24tYTI4Y1NVUkw1SU56Vl9ZU09JV3Y4aWpJSVpKMF9ISW1lVUJGdmZtMFp2N3VnWWNDN09ZTE8xRF93amtPdjZzOEdBUTdnYVBYczBPN2hiYWxWOHZva1VWUzUyVnJtTGptRFRnMWYtb3dfT2YyeTB0dw?oc=5\" target=\"_blank\" rel=\"nofollow noopener\">Cyclisme. Tour du Limousin : 2e \u00e9tape entre Thiviers en Dordogne et Gr\u00e8zes Les Coteaux en replay<\/a>&nbsp;&nbsp;France TV<\/li>\n<li><a href=\"https:\/\/news.google.com\/rss\/articles\/CBMiowFBVV95cUxNNDhuY0QxbjBaOWFtZUlIZjVER01FLUd5MXZUUlVITEpybUFqWWFGc05QYzU0UXpSVi1OU2N4Yi05enNlN2xOc05TYmdsU2RpbmhNRnF0bzRhai00TjN0VUwwTG9XVlpTUTVpbjRiOEwwR0J6M0NCQnFjNHZDQk91T2ZlVWhWekU1UF9fR1o5VlJLOFNGbEpRSUhURDFEb3pjU3BJ?oc=5\" target=\"_blank\" rel=\"nofollow noopener\">MASSERET. L\u2019arriv\u00e9e du Tour du Limousin se pr\u00e9pare<\/a>&nbsp;&nbsp;La Montagne<\/li>\n<li><a href=\"https:\/\/news.google.com\/rss\/articles\/CBMiyAFBVV95cUxQWm9paVJIMHY1MVhLSFY5NHI2NWRvRXdqRGhtTWd1Wk9ZQWFjRlJJRm5nUVdIaThpQzk2X1NxNU9BeEl0N0JBU3VpUjRKcWtDX21IUHVTWUNHS1BycVlxaEZUSU9aRFQtanlfN2VFcGpfQy1DdC1vZWlHRFpyNjB2QmxwMHF2ZzVvTjI4TjcxclNvdXNtcURwNlFYZWZxNG5ZbnNRYjRBYUV4SVRfd1VILUZmbnc1UjhVTUdIUnBLcDVpbWhvVDB1Nw?oc=5\" target=\"_blank\" rel=\"nofollow noopener\">Tour Du Limousin-P\u00e9rigord NA 20 ao\u00fbt 2025 E2 classement<\/a>&nbsp;&nbsp;Velopressecollection<\/li>\n<li><a href=\"https:\/\/news.google.com\/rss\/articles\/CBMinAJBVV95cUxOZmNnb1NxVUZxUmJwZ21TYU53OEZfQ0ZnVFdWYkVKUVhDcHFrcUtpckt6T1lBT25TSDc0UHZxZnlROG5DNFFJdl9IQUhWa2FQcGhaUl9ZTXhVTDNVS0xrRTNhZHZ0ZFBmcUJtWnlWbFlvUkp6a1RGNEtESndkSVFyM2tMT0x0cW9uVVNVSXJzX05UcWhBR3ZvSGVLX2ZqZmlyeExoMkJ6b1dkalB5ZnU1bmtqYVZnV2N1b3RHajNBZmpGWUJNT2w3ckQwZUV5SnVZLWJYRXVIUll3LWxhemxaOWxHeWozOUcwTzhfR2NnZEk3RDJVWXM5QWcyYjhqRU5xT09UbUxBTW4wNF85OFd1ZW1lb1VkOGRKNjJKRg?oc=5\" target=\"_blank\" rel=\"nofollow noopener\">Tour du Limousin-P\u00e9rigord : un fan club familial pour Baptiste Vadic \u00e0 l&rsquo;arriv\u00e9e de la premi\u00e8re \u00e9tape \u00e0 La Courtine<\/a>&nbsp;&nbsp;Radio France<\/li>\n<\/ol>\n","protected":false},"excerpt":{"rendered":"Sylvain Moniquet pi\u00e8ge les Fran\u00e7ais et d\u00e9croche la 2e \u00e9tape du Tour du Limousin, Ewen Costiou en jaune&nbsp;&nbsp;L&rsquo;\u00c9quipe&hellip;\n","protected":false},"author":2,"featured_media":332239,"comment_status":"","ping_status":"","sticky":false,"template":"","format":"standard","meta":{"footnotes":""},"categories":[1411],"tags":[1154,207,1011,27,60],"class_list":{"0":"post-332238","1":"post","2":"type-post","3":"status-publish","4":"format-standard","5":"has-post-thumbnail","7":"category-cyclisme","8":"tag-cycling","9":"tag-cyclisme","10":"tag-fr","11":"tag-france","12":"tag-sports"},"share_on_mastodon":{"url":"https:\/\/pubeurope.com\/@fr\/115062638102658093","error":""},"_links":{"self":[{"href":"https:\/\/www.europesays.com\/fr\/wp-json\/wp\/v2\/posts\/332238","targetHints":{"allow":["GET"]}}],"collection":[{"href":"https:\/\/www.europesays.com\/fr\/wp-json\/wp\/v2\/posts"}],"about":[{"href":"https:\/\/www.europesays.com\/fr\/wp-json\/wp\/v2\/types\/post"}],"author":[{"embeddable":true,"href":"https:\/\/www.europesays.com\/fr\/wp-json\/wp\/v2\/users\/2"}],"replies":[{"embeddable":true,"href":"https:\/\/www.europesays.com\/fr\/wp-json\/wp\/v2\/comments?post=332238"}],"version-history":[{"count":0,"href":"https:\/\/www.europesays.com\/fr\/wp-json\/wp\/v2\/posts\/332238\/revisions"}],"wp:featuredmedia":[{"embeddable":true,"href":"https:\/\/www.europesays.com\/fr\/wp-json\/wp\/v2\/media\/332239"}],"wp:attachment":[{"href":"https:\/\/www.europesays.com\/fr\/wp-json\/wp\/v2\/media?parent=332238"}],"wp:term":[{"taxonomy":"category","embeddable":true,"href":"https:\/\/www.europesays.com\/fr\/wp-json\/wp\/v2\/categories?post=332238"},{"taxonomy":"post_tag","embeddable":true,"href":"https:\/\/www.europesays.com\/fr\/wp-json\/wp\/v2\/tags?post=332238"}],"curies":[{"name":"wp","href":"https:\/\/api.w.org\/{rel}","templated":true}]}}