{"id":332240,"date":"2025-08-20T19:01:11","date_gmt":"2025-08-20T19:01:11","guid":{"rendered":"https:\/\/www.europesays.com\/fr\/332240\/"},"modified":"2025-08-20T19:01:11","modified_gmt":"2025-08-20T19:01:11","slug":"akliouche-as-monaco-au-psg-luis-enrique-et-luis-campos-ont-tranche","status":"publish","type":"post","link":"https:\/\/www.europesays.com\/fr\/332240\/","title":{"rendered":"Akliouche (AS Monaco) au PSG ? Luis Enrique et Luis Campos ont tranch\u00e9 !"},"content":{"rendered":"<p>\t\t\t\t\t Le Paris Saint-Germain a boucl\u00e9 son mercato estival dans le sens des arriv\u00e9es. Le PSG, selon les informations du Parisien, ne pr\u00e9voit plus aucun recrutement, sauf en cas de d\u00e9part de derni\u00e8re minute de son effectif. <\/p>\n<p>Les seuls renforts valid\u00e9s cet \u00e9t\u00e9 sont Lucas Chevalier, Valentin Marin et Illya Zabarnyi. L\u2019entra\u00eeneur Luis Enrique et le conseiller sportif Luis Campos jugent que la polyvalence de l\u2019effectif permet de couvrir l\u2019ensemble des besoins pour la saison \u00e0 venir. Aucun mouvement d\u2019envergure n\u2019est ainsi attendu d&rsquo;ici la fermeture du march\u00e9 des transferts. <\/p>\n<p>Pas inquiet, Luis Enrique et son staff on d\u00e9j\u00e0 anticip\u00e9 l\u2019absence pr\u00e9vue d\u2019Achraf Hakimi lors de la Coupe d\u2019Afrique des Nations. Pour compenser, Warren Za\u00efre-Emery, Jo\u00e3o Neves et Illya Zabarnyi peuvent sans probl\u00e8me suppl\u00e9er dans le couloir droit, selon le technicien espagnol.\u00a0 <\/p>\n<p>\u00c0 gauche, le PSG comptera sur Nuno Mendes, Lucas Hernandez et Lucas Beraldo. Le milieu de terrain restera comp\u00e9titif avec Vitinha, Neves, Za\u00efre-Emery, Fabian Ruiz, D\u00e9sir\u00e9 Dou\u00e9, Senny Mayulu et Kang-In Lee. <\/p>\n<p>En attaque, l\u2019animation reposera sur Ousmane Demb\u00e9l\u00e9, Bradley Barcola, Khvicha Kvaratskhelia, Dou\u00e9, Gon\u00e7alo Ramos, Kang-In Lee et Mahamadou Mbaye. Le club mise sur la mobilit\u00e9 et la compl\u00e9mentarit\u00e9 des joueurs pour faire face \u00e0 tous les sc\u00e9narios de la saison. <\/p>\n<p>Le Paris Saint-Germain assume donc une strat\u00e9gie de stabilit\u00e9 et de confiance envers son groupe, tout en restant attentif \u00e0 une \u00e9ventuelle opportunit\u00e9 en cas de d\u00e9part impr\u00e9vu avant la fermeture officielle du march\u00e9 des transferts. De ce fait, la piste menant \u00e0 Maghnes Akliouche est \u00e0 oublier du c\u00f4t\u00e9 du PSG.\u00a0\n\t\t\t\t <\/p>\n","protected":false},"excerpt":{"rendered":"Le Paris Saint-Germain a boucl\u00e9 son mercato estival dans le sens des arriv\u00e9es. Le PSG, selon les informations&hellip;\n","protected":false},"author":2,"featured_media":332241,"comment_status":"","ping_status":"","sticky":false,"template":"","format":"standard","meta":{"footnotes":""},"categories":[1410],"tags":[63,1011,27,60],"class_list":{"0":"post-332240","1":"post","2":"type-post","3":"status-publish","4":"format-standard","5":"has-post-thumbnail","7":"category-football","8":"tag-football","9":"tag-fr","10":"tag-france","11":"tag-sports"},"share_on_mastodon":{"url":"https:\/\/pubeurope.com\/@fr\/115062642158416728","error":""},"_links":{"self":[{"href":"https:\/\/www.europesays.com\/fr\/wp-json\/wp\/v2\/posts\/332240","targetHints":{"allow":["GET"]}}],"collection":[{"href":"https:\/\/www.europesays.com\/fr\/wp-json\/wp\/v2\/posts"}],"about":[{"href":"https:\/\/www.europesays.com\/fr\/wp-json\/wp\/v2\/types\/post"}],"author":[{"embeddable":true,"href":"https:\/\/www.europesays.com\/fr\/wp-json\/wp\/v2\/users\/2"}],"replies":[{"embeddable":true,"href":"https:\/\/www.europesays.com\/fr\/wp-json\/wp\/v2\/comments?post=332240"}],"version-history":[{"count":0,"href":"https:\/\/www.europesays.com\/fr\/wp-json\/wp\/v2\/posts\/332240\/revisions"}],"wp:featuredmedia":[{"embeddable":true,"href":"https:\/\/www.europesays.com\/fr\/wp-json\/wp\/v2\/media\/332241"}],"wp:attachment":[{"href":"https:\/\/www.europesays.com\/fr\/wp-json\/wp\/v2\/media?parent=332240"}],"wp:term":[{"taxonomy":"category","embeddable":true,"href":"https:\/\/www.europesays.com\/fr\/wp-json\/wp\/v2\/categories?post=332240"},{"taxonomy":"post_tag","embeddable":true,"href":"https:\/\/www.europesays.com\/fr\/wp-json\/wp\/v2\/tags?post=332240"}],"curies":[{"name":"wp","href":"https:\/\/api.w.org\/{rel}","templated":true}]}}