{"id":332244,"date":"2025-08-20T19:03:13","date_gmt":"2025-08-20T19:03:13","guid":{"rendered":"https:\/\/www.europesays.com\/fr\/332244\/"},"modified":"2025-08-20T19:03:13","modified_gmt":"2025-08-20T19:03:13","slug":"un-regard-a-la-robert-doisneau-sur-les-quais-de-la-rochelle-expose-au-musee-maritime","status":"publish","type":"post","link":"https:\/\/www.europesays.com\/fr\/332244\/","title":{"rendered":"Un regard \u00ab\u00a0\u00e0 la Robert Doisneau\u00a0\u00bb sur les quais de La\u00a0Rochelle expos\u00e9 au Mus\u00e9e maritime"},"content":{"rendered":"<p>Une barque en contre-jour ainsi que son \u00e9quipage, le regard tourn\u00e9 vers les tours de La\u00a0Rochelle plong\u00e9es dans la brume. L\u2019image fantasmagorique, prise un matin de janvier 1963, n\u2019a pas \u00e9chapp\u00e9 \u00e0 l\u2019\u0153il de Jean Gaillard, qui s\u2019est empress\u00e9 de la saisir avec son indissociable appareil bi-objectif Rolleiflex 6&#215;6.<\/p>\n<p>Photographe au journal \u00ab\u00a0Sud Ouest\u00a0\u00bb de 1954 \u00e0 1987, il fut le premier t\u00e9moin de l\u2019actualit\u00e9 locale mais aussi d\u2019innombrables sc\u00e8nes de la vie quotidienne. Un patrimoine iconographique inestimable dont le Mus\u00e9e maritime de La\u00a0Rochelle a fait une exposition, en s\u00e9lectionnant une infime partie du fonds Gaillard montrant les quais de la ville, de l\u2019encan \u00e0 la Pallice en passant par le Vieux Port.<\/p>\n<p>        <img decoding=\"async\" id=\"25610053\" src=\"https:\/\/www.europesays.com\/fr\/wp-content\/uploads\/2025\/08\/quais-rochelais-jean-gaillard-photocom3.jpg\" alt=\"Les tours de La\u00a0Rochelle plong\u00e9es dans la brume, le clich\u00e9 qui a inspir\u00e9 l\u2019affiche de l\u2019exposition.\" itemprop=\"contentURL\"\/><\/p>\n<p>    Les tours de La\u00a0Rochelle plong\u00e9es dans la brume, le clich\u00e9 qui a inspir\u00e9 l\u2019affiche de l\u2019exposition.<\/p>\n<p>Jean Gaillard<\/p>\n<p>\u00ab\u00a0Quand on a mis le nez dans les 125 000 n\u00e9gatifs conserv\u00e9s \u00e0 la m\u00e9diath\u00e8que Michel-Cr\u00e9peau, on s\u2019est rendu compte de la richesse exceptionnelle de ce fonds, t\u00e9moigne Joffrey Martin, en charge de la communication et de la m\u00e9diation culturelle au Mus\u00e9e maritime. C\u00e9cile Raquidel, responsable des collections, a pu voir des s\u00e9ries enti\u00e8res de pellicules de 12 photos, dont on ne conna\u00eet parfois qu\u2019une photo. Le plus dur a \u00e9t\u00e9 de s\u2019arr\u00eater de chercher, c\u2019est in\u00e9puisable\u00a0!\u00a0\u00bb<\/p>\n<p>D\u00e9cors en noir et blanc<\/p>\n<p>De cette plong\u00e9e dans les archives de Jean Gaillard, 45 clich\u00e9s ont \u00e9t\u00e9 remont\u00e9s au grand jour. Pr\u00e9sent\u00e9s suivant trois th\u00e9matiques (la p\u00eache, la plaisance, la vie portuaire), ils d\u00e9montrent un sens naturel de l\u2019esth\u00e9tisme photographique, une ma\u00eetrise parfaite des lumi\u00e8res et des contrastes mais aussi, ce que le Rochelais recherchait par-dessous tout, un \u00ab\u00a0regard humaniste \u00e0 la Robert Doisneau\u00a0\u00bb, comme le d\u00e9crit Joffrey Martin.<\/p>\n<p>        <img decoding=\"async\" id=\"25610909\" src=\"https:\/\/www.europesays.com\/fr\/wp-content\/uploads\/2025\/08\/img-20250820-113256.jpg\" alt=\"Joffrey Martin, charg\u00e9 de la communication et de la m\u00e9diation culturelle au Mus\u00e9e maritime de La\u00a0Rochelle.\" itemprop=\"contentURL\"\/><\/p>\n<p>    Joffrey Martin, charg\u00e9 de la communication et de la m\u00e9diation culturelle au Mus\u00e9e maritime de La\u00a0Rochelle.<\/p>\n<p>Fr\u00e9d\u00e9ric Zabalza \/ SO<\/p>\n<p>L\u2019exposition ravive le souvenir des m\u00e9tiers d\u2019autrefois dans des d\u00e9cors en noir et blanc\u00a0: le ramendage de filets de p\u00eache \u00e0 bord du \u00ab\u00a0G\u00e9n\u00e9ral-Leclerc\u00a0\u00bb, le tri des poissons \u00e0 l\u2019encan, le car\u00e9nage de navires sur le slipway, ce plan inclin\u00e9 construit par les Allemands en 1942. Le d\u00e9barquement des premiers p\u00e9toncles de la saison, en 1961 par le \u00ab\u00a0Comme-tu-veux\u00a0\u00bb est un \u00e9v\u00e9nement qui attire les badauds, comme les \u00e9tals des sardiniers au pied de la tour de la Cha\u00eene, o\u00f9 les apprentis de l\u2019\u00e9cole de p\u00eache de Port-Neuf en formation \u00e0 bord de \u00ab\u00a0Annie\u00a0\u00bb.<\/p>\n<p>Tout un monde englouti dans les profondeurs du temps repara\u00eet sous les yeux des visiteurs, celui des scaphandriers de l\u2019Union des remorqueurs de l\u2019Oc\u00e9an, de l\u2019\u00e9quipage de la Soci\u00e9t\u00e9 centrale de sauvetage des naufrag\u00e9s, du chalutier \u00ab\u00a0Manuel-Jo\u00ebl\u00a0\u00bb de retour au port. Class\u00e9 comme ce dernier aux Monuments historiques, le remorqueur \u00ab\u00a0Saint-Gilles\u00a0\u00bb arrive \u00e0 La\u00a0Rochelle en septembre 1958 en remplacement du vieux \u00ab\u00a0Bassens\u00a0\u00bb. Jean Gaillard est au rendez-vous, bien s\u00fbr, comme lors de l\u2019\u00e9chouage du \u00ab\u00a0Nano\u00a0\u00bb, un cargo espagnol, \u00e0 Sablanceaux en 1963, o\u00f9 lors de l\u2019entr\u00e9e du \u00ab\u00a0France II\u00a0\u00bb en 1959 apr\u00e8s un \u00ab\u00a0coup de tabac\u00a0\u00bb, le jumeau du \u00ab\u00a0France\u00a0I\u00a0\u00bb ouvert aujourd\u2019hui aux visiteurs.<\/p>\n<p><a href=\"https:\/\/museemaritime.larochelle.fr\/\" target=\"_blank\" rel=\"nofollow noopener\">Exposition \u00ab\u00a0Quai rochelais, photographies de Jean Gaillard\u00a0\u00bb, jusqu\u2019au 2\u00a0novembre 2025 au Mus\u00e9e maritime.<\/a><\/p>\n<p>        <img decoding=\"async\" id=\"25610054\" src=\"https:\/\/www.europesays.com\/fr\/wp-content\/uploads\/2025\/08\/quais-rochelais-jean-gaillard-photocom1.jpg\" alt=\"Un voilier sous spi et sous les regards.\" itemprop=\"contentURL\"\/><\/p>\n<p>    Un voilier sous spi et sous les regards.<\/p>\n<p>Jean Gaillard<\/p>\n","protected":false},"excerpt":{"rendered":"Une barque en contre-jour ainsi que son \u00e9quipage, le regard tourn\u00e9 vers les tours de La\u00a0Rochelle plong\u00e9es dans&hellip;\n","protected":false},"author":2,"featured_media":332245,"comment_status":"","ping_status":"","sticky":false,"template":"","format":"standard","meta":{"footnotes":""},"categories":[1358],"tags":[1348,1384,1385,1386,58,59,1011,27],"class_list":{"0":"post-332244","1":"post","2":"type-post","3":"status-publish","4":"format-standard","5":"has-post-thumbnail","7":"category-arts-et-design","8":"tag-arts","9":"tag-arts-and-design","10":"tag-arts-et-design","11":"tag-design","12":"tag-divertissement","13":"tag-entertainment","14":"tag-fr","15":"tag-france"},"share_on_mastodon":{"url":"https:\/\/pubeurope.com\/@fr\/115062650068690583","error":""},"_links":{"self":[{"href":"https:\/\/www.europesays.com\/fr\/wp-json\/wp\/v2\/posts\/332244","targetHints":{"allow":["GET"]}}],"collection":[{"href":"https:\/\/www.europesays.com\/fr\/wp-json\/wp\/v2\/posts"}],"about":[{"href":"https:\/\/www.europesays.com\/fr\/wp-json\/wp\/v2\/types\/post"}],"author":[{"embeddable":true,"href":"https:\/\/www.europesays.com\/fr\/wp-json\/wp\/v2\/users\/2"}],"replies":[{"embeddable":true,"href":"https:\/\/www.europesays.com\/fr\/wp-json\/wp\/v2\/comments?post=332244"}],"version-history":[{"count":0,"href":"https:\/\/www.europesays.com\/fr\/wp-json\/wp\/v2\/posts\/332244\/revisions"}],"wp:featuredmedia":[{"embeddable":true,"href":"https:\/\/www.europesays.com\/fr\/wp-json\/wp\/v2\/media\/332245"}],"wp:attachment":[{"href":"https:\/\/www.europesays.com\/fr\/wp-json\/wp\/v2\/media?parent=332244"}],"wp:term":[{"taxonomy":"category","embeddable":true,"href":"https:\/\/www.europesays.com\/fr\/wp-json\/wp\/v2\/categories?post=332244"},{"taxonomy":"post_tag","embeddable":true,"href":"https:\/\/www.europesays.com\/fr\/wp-json\/wp\/v2\/tags?post=332244"}],"curies":[{"name":"wp","href":"https:\/\/api.w.org\/{rel}","templated":true}]}}