{"id":332246,"date":"2025-08-20T19:04:17","date_gmt":"2025-08-20T19:04:17","guid":{"rendered":"https:\/\/www.europesays.com\/fr\/332246\/"},"modified":"2025-08-20T19:04:17","modified_gmt":"2025-08-20T19:04:17","slug":"tressaillir-de-maria-pourchet-lart-de-la-fuite","status":"publish","type":"post","link":"https:\/\/www.europesays.com\/fr\/332246\/","title":{"rendered":"Tressaillir de Maria Pourchet : L\u2019art de la fuite"},"content":{"rendered":"<p><strong>Avec Tressaillir, Maria Pourchet signe un des romans les plus fins et sensibles de la rentr\u00e9e. Plong\u00e9e dans la psych\u00e9 d\u2019une femme qui, suite \u00e0 une rupture amoureuse, doit apprendre \u00e0 reconstruire sa vie. Rencontre.<\/strong><\/p>\n<p><img fetchpriority=\"high\" decoding=\"async\" width=\"700\" height=\"980\" src=\"https:\/\/www.europesays.com\/fr\/wp-content\/uploads\/2025\/08\/xmaria-pourchet-017-edit-700x980.jpg.pagespeed.ic.7YHN0NXX4b.jpg\" alt=\"\" class=\"wp-image-24869\" style=\"width:355px;height:auto\"  \/>Maria Pourchet, \u00e0 Paris le 1 juillet 2025, pour Transfuge. \u00a9 Laura Stevens \/\/ Modds<\/p>\n<p>Elle cite Maurice Genevoix et Jean Giono, conna\u00eet le nom de chaque arbre des for\u00eats vosgiennes, et \u00e9voque l\u2019internat d\u2019Epinal avec la rage et l\u2019\u00e9motion de ceux qui ont tout compris, tr\u00e8s t\u00f4t, \u00e0 leurs corps d\u00e9fendants. Elle pourrait \u00eatre une romanci\u00e8re du XXe si\u00e8cle, si ce n\u2019est qu\u2019elle \u00e9crit comme d\u2019autres slament, pianote sur l\u2019ironie et l\u2019autod\u00e9rision avec une facilit\u00e9 d\u2019adolescente, et traduit dans chacun de ses livres, un certain malaise contemporain. Pour raconter Maria Pourchet, partons comme elle le fait dans ce roman, de \u00ab\u00a0l\u2019animal\u00a0\u00bb\u00a0: Tressaillir est l\u2019histoire d\u2019une b\u00eate bless\u00e9e qui fuit. Ici, une biche. Maria Pourchet me l\u2019explique un apr\u00e8s-midi d\u2019\u00e9t\u00e9, alors que r\u00e9unies chez elle, \u00e0 Paris, autour d\u2019une clim portative, nous tentons d\u2019\u00e9laborer une conversation hors de la l\u00e9thargie caniculaire\u00a0: \u00ab J\u2019avais l\u2019impression de suivre un animal, me dit-elle, voil\u00e0 pourquoi l\u2019image de la biche est si importante. Cette biche effray\u00e9e, Michelle, et la biche qu\u2019elle a \u00e9t\u00e9, dont c\u2019est le terme de la course. Ce que je visualisais \u00e0 l\u2019\u00e9criture, c\u2019est une cr\u00e9ature, je l\u2019ai suivie comme une poursuite d\u2019images mentales.\u00a0Et puis j\u2019avais d\u2019embl\u00e9e cette phrase de Maurice Genevoix qui est en exergue du livre\u00a0: \u00ab\u00a0\u00eatre libre, c\u2019est encore tressaillir \u00bb. Une citation issue de La Derni\u00e8re Harde, livre dans lequel il parle beaucoup des biches, et c\u2019est ce que j\u2019avais en t\u00eate, quand je travaillais cette id\u00e9e \u00e0 l\u2019origine de mon livre. Pour la premi\u00e8re fois, je ne trouvais pas le titre, ce qui est rare chez moi, d\u2019habitude je l\u2019ai en programme, d\u00e8s le d\u00e9but. Je voulais l\u2019appeler Traverser, \u00e7a n\u2019a plu \u00e0 personne, alors je suis revenue \u00e0 l\u2019exergue, \u00e0 cette phrase qui me guidait, j\u2019ai compris que tressaillir, c\u2019est tous les \u00e9tats dont je parle\u00a0: tressaillir de fatigue, tressaillir de peur, tressaillir de plaisir, tressaillir de joie. Je me suis rendu compte en effet que le titre \u00e9tait l\u00e0, depuis le d\u00e9but dans cette citation, et qu\u2019il \u00e9tait mon programme.\u00a0\u00bb Car cette biche ne fuit pas un pr\u00e9dateur, mais un homme autrefois aim\u00e9, le p\u00e8re de sa fille de six ans. Une rupture, suivie au plus pr\u00e8s de la femme. L\u2019on pourrait dire dans un corps \u00e0 corps, tant l\u2019\u00e9criture de Pourchet a ceci de puissant qu\u2019elle nous place dans son souffle et sa course. Et ce au gr\u00e9 d\u2019un leitmotiv, tout au long du livre\u00a0: \u00ab\u00a0Partir, c\u2019est pour la galerie. En v\u00e9rit\u00e9, on s\u2019arrache.\u00a0\u00bb\u00a0 De quoi\u00a0? D\u2019un couple auquel elle ne cro\u00eet plus, d\u2019une id\u00e9e de la famille qui s\u2019effrite entre ses doigts. Mais il y a l\u2019enfant laiss\u00e9 derri\u00e8re elle, et un difficile pass\u00e9 qui revient. Il y a surtout cette peur sans mots et sans objet, qui la suit et la d\u00e9termine, depuis toujours. Tressaillir pourrait s\u2019intituler \u00ab\u00a0histoire de la peur\u00a0\u00bb\u00a0: celle d\u2019une enfant grandie dans un village au bord de la for\u00eat, d\u2019une adolescente qui n\u2019aime pas l\u2019\u00e9cole, et d\u2019une femme qui ne demandait, a priori, rien d\u2019autre, que de fonder une famille. De se mettre \u00e0 l\u2019abri pourrait-on dire, tant Pourchet d\u00e9crit le sentiment de menace qui p\u00e8se sur elle. \u00ab\u00a0Rompre, c\u2019est rompre avec un r\u00e9cit. C\u2019est un r\u00e9cit auquel on a cru, c\u2019est un r\u00e9cit proche de la religion. Voil\u00e0 pourquoi il peut durer, et qu\u2019on n\u2019a pas envie de la quitter. Si ce n\u2019\u00e9tait que rompre avec un lieu, un autre corps, mais ce \u00e0 quoi on s\u2019arrache v\u00e9ritablement, c\u2019est le r\u00e9cit qui a men\u00e9 la narratrice jusque-l\u00e0. On est la somme de ce que l\u2019on s\u2019est racont\u00e9, des serments que l\u2019on a faits, des v\u0153ux que l\u2019on a formul\u00e9s pour soi. C\u2019est la vie cousue main que l\u2019on perd. La violence est dans cette perte.\u00a0\u00bb<\/p>\n<p><strong>Une approche clinique<\/strong><\/p>\n<p><img loading=\"lazy\" decoding=\"async\" width=\"700\" height=\"1115\" src=\"https:\/\/www.europesays.com\/fr\/wp-content\/uploads\/2025\/08\/xmaria-pourchet-tressaillir-700x1115.webp.pagespeed.ic.hxQkHfwrtb.webp.webp\" alt=\"\" class=\"wp-image-24867\" style=\"width:297px;height:auto\"  \/><\/p>\n<p>Singularit\u00e9 du livre, la rupture est racont\u00e9e du point de vue int\u00e9rieur, elle choisit une approche clinique, on ne saura presque rien de l\u2019histoire de ce couple, balay\u00e9e par l\u2019arrachement. L\u2019\u0153il de l\u2019\u00e9crivain, -et Pourchet a une \u00e9criture tr\u00e8s en mouvement-, la suit de tr\u00e8s pr\u00e8s, comme si c\u2019\u00e9tait elle, rien qu\u2019elle, le sujet d\u2019exp\u00e9rience\u2026Qu\u2019il soit tendre, critique ou comique, le regard ne quitte jamais cette femme d\u2019abord claquemur\u00e9e dans une chambre d\u2019h\u00f4tel, \u00e0 quelques m\u00e8tres de chez elle, appelant son charmant psychanalyste et essayant les cachetons pour se calmer. Il y a une analyse de la douleur amoureuse, qui s\u2019observe \u00e0 la loupe\u00a0: \u00ab\u00a0Oui, au d\u00e9but, je voulais m\u00eame commencer apr\u00e8s la rupture, par cette phrase \u00ab\u00a0une femme s\u2019arrache\u00a0\u00bb. Je ne pensais pas au d\u00e9part faire intervenir l\u2019histoire d\u2019avant, ni la voix de l\u2019homme. Mais je ne peux pas sacrifier cette parit\u00e9-l\u00e0, surtout dans une histoire d\u2019amour, je ne parviens pas \u00e0 raconter quelque chose de l\u2019ordre du passionnel, du pulsionnel, de l\u2019organique, si je n\u2019ai pas les deux points de vue de l\u2019histoire d\u2019amour, et les voix du f\u00e9minin et du masculin.\u00a0\u00bb On se souvient que dans Western, qui n\u2019avait pas la m\u00eame puissance que Tressaillir, la romanci\u00e8re nous faisait entendre les deux voix, comme dans Feu, roman de la passion qui nous avait d\u00e9j\u00e0 frapp\u00e9s par son \u00e9criture. Maria Pourchet est une des rares aujourd\u2019hui qui prend un plaisir visible \u00e0 \u00e9crire sur l\u2019amour entre un homme et une femme, on se souvient du vibrant Feu en 2021. Elle sait saisir les instants d\u2019un couple, comme la sc\u00e8ne d\u2019ouverture du roman qui nous place d\u2019embl\u00e9e entre deux individus qui ne parviennent m\u00eame plus \u00e0 se parler, tant la violence s\u2019est install\u00e9e entre eux. L\u2019histoire pourrait faire l\u2019objet d\u2019une com\u00e9die romantique d\u2019aujourd\u2019hui, si ce n\u2019\u00e9tait l\u2019enfant. Peut-\u00eatre est-ce le v\u00e9ritable sujet du livre\u00a0: comment se partage-t-on un enfant\u00a0? Et si les douleurs physiques sont pr\u00e9sentes, c\u2019est avant tout le malaise int\u00e9rieur que ressent la m\u00e8re, en l\u2019absence de sa fille. <strong>\u00ab\u00a0<\/strong>J\u2019ai voulu \u00e9crire ce livre pour cette raison-l\u00e0. Il y avait quelque chose dedans qui devait \u00eatre dehors. J\u2019ai une garde altern\u00e9e pour mon fils, et il y a eu un temps o\u00f9 une semaine sur deux, j\u2019en ai \u00e9t\u00e9 s\u00e9par\u00e9. Je sais que c\u2019est v\u00e9cu comme un progr\u00e8s, mais je trouve \u00e7a insupportable. Je ne veux pas dire, comme en 1962, que la m\u00e8re a un lien archa\u00efque avec l\u2019enfant qu\u2019il faut prioriser, je sais que ce n\u2019est pas dicible, mais comment fait-on avec cette douleur-l\u00e0\u00a0? Avec cette vie-l\u00e0\u00a0? La moiti\u00e9 du temps il est \u00e0 l\u2019\u00e9cole, et l\u2019autre moiti\u00e9 du temps, je dois le partager. On me parle alors du \u00ab\u00a0temps pour soi\u00a0\u00bb. Un mythe que je n\u2019ai pas compris, en quoi \u00eatre avec mon enfant, ce n\u2019est pas du temps pour moi\u00a0? On m\u2019avait promis que j\u2019allais vivre ma meilleure vie, mais ce n\u2019est pas vrai, \u00e7a a \u00e9t\u00e9 une torture, qui pourrait faire accepter n\u2019importe quel r\u00e9trop\u00e9dalage. Or, je sais que quand une douleur est profonde et qu\u2019elle est non-dicible, il faut faire quelque chose avec \u00e7a.\u00a0 J\u2019ai compris \u00e7a tr\u00e8s t\u00f4t, et \u00e7a m\u2019a permis de supporter pas mal de choses, les pires frustrations, les pires peurs, et les pires douleurs, sont les plus partag\u00e9es, alors m\u00eame qu\u2019on n\u2019en parle pas.\u00a0\u00bb<\/p>\n<p class=\"has-text-align-center\"><strong><a href=\"https:\/\/www.transfuge.fr\/acheter\/rentree-litteraire-les-25-meilleurs-romans-francais\/\" target=\"_blank\" rel=\"noreferrer noopener\">La suite de l\u2019entretien est \u00e0 d\u00e9couvrir dans le dernier num\u00e9ro de Transfuge<\/a><\/strong><\/p>\n<p class=\"has-text-align-center\"><strong>Tressaillir, Maria Pourchet, Stock, 336p., 21,90 \u20ac<\/strong><\/p>\n","protected":false},"excerpt":{"rendered":"Avec Tressaillir, Maria Pourchet signe un des romans les plus fins et sensibles de la rentr\u00e9e. Plong\u00e9e dans&hellip;\n","protected":false},"author":2,"featured_media":332247,"comment_status":"","ping_status":"","sticky":false,"template":"","format":"standard","meta":{"footnotes":""},"categories":[1357],"tags":[1379,58,59,1011,27,1380,9026],"class_list":{"0":"post-332246","1":"post","2":"type-post","3":"status-publish","4":"format-standard","5":"has-post-thumbnail","7":"category-livres","8":"tag-books","9":"tag-divertissement","10":"tag-entertainment","11":"tag-fr","12":"tag-france","13":"tag-livres","14":"tag-portrait"},"share_on_mastodon":{"url":"https:\/\/pubeurope.com\/@fr\/115062653921099414","error":""},"_links":{"self":[{"href":"https:\/\/www.europesays.com\/fr\/wp-json\/wp\/v2\/posts\/332246","targetHints":{"allow":["GET"]}}],"collection":[{"href":"https:\/\/www.europesays.com\/fr\/wp-json\/wp\/v2\/posts"}],"about":[{"href":"https:\/\/www.europesays.com\/fr\/wp-json\/wp\/v2\/types\/post"}],"author":[{"embeddable":true,"href":"https:\/\/www.europesays.com\/fr\/wp-json\/wp\/v2\/users\/2"}],"replies":[{"embeddable":true,"href":"https:\/\/www.europesays.com\/fr\/wp-json\/wp\/v2\/comments?post=332246"}],"version-history":[{"count":0,"href":"https:\/\/www.europesays.com\/fr\/wp-json\/wp\/v2\/posts\/332246\/revisions"}],"wp:featuredmedia":[{"embeddable":true,"href":"https:\/\/www.europesays.com\/fr\/wp-json\/wp\/v2\/media\/332247"}],"wp:attachment":[{"href":"https:\/\/www.europesays.com\/fr\/wp-json\/wp\/v2\/media?parent=332246"}],"wp:term":[{"taxonomy":"category","embeddable":true,"href":"https:\/\/www.europesays.com\/fr\/wp-json\/wp\/v2\/categories?post=332246"},{"taxonomy":"post_tag","embeddable":true,"href":"https:\/\/www.europesays.com\/fr\/wp-json\/wp\/v2\/tags?post=332246"}],"curies":[{"name":"wp","href":"https:\/\/api.w.org\/{rel}","templated":true}]}}