{"id":332248,"date":"2025-08-20T19:05:16","date_gmt":"2025-08-20T19:05:16","guid":{"rendered":"https:\/\/www.europesays.com\/fr\/332248\/"},"modified":"2025-08-20T19:05:16","modified_gmt":"2025-08-20T19:05:16","slug":"mask-singer-deja-de-retour-avec-une-8e-saison-enqueteurs-nouveaux-costumes-stars-internationales-tout-ce-quil-faut-savoir-purepeople","status":"publish","type":"post","link":"https:\/\/www.europesays.com\/fr\/332248\/","title":{"rendered":"Mask Singer d\u00e9j\u00e0 de retour avec une 8e saison ! Enqu\u00eateurs, nouveaux costumes, stars internationales\u2026 tout ce qu\u2019il faut savoir &#8211; Purepeople"},"content":{"rendered":"<ol>\n<li><a href=\"https:\/\/news.google.com\/rss\/articles\/CBMi-wFBVV95cUxPV3RTX3BkWXFtN19mMV9GQmgydTFlQXRJRllhOFMyOHpBNmhTd2w2ZVN2elRSdUxUTS14dnFyWkVsWHpFLUM5WHpSTmZkaTd6alU5ZVFBakQxNUktYnZYWUZjTzAwSFc1b0JhR0pOUU5ZejllazRYTFhaUlZZLTRWYVJBSFVJTVZtd3lobmYtay02TWlEWmtONDFGb0NhZ3RHZm94bWd6djNtU0lPLXkwSHQwTnNNcGd2U1g5WEpTd1BkMzlkc0sySE96VVNicVRfMkpCM0VocnE0YXNxdVZxa1FiZlhYNXFXTjJxMy00cmdla1hzZ2FwMHN0QQ?oc=5\" target=\"_blank\" rel=\"nofollow noopener\">Mask Singer d\u00e9j\u00e0 de retour avec une 8e saison ! Enqu\u00eateurs, nouveaux costumes, stars internationales\u2026 tout ce qu\u2019il faut savoir<\/a>&nbsp;&nbsp;Purepeople<\/li>\n<li><a href=\"https:\/\/news.google.com\/rss\/articles\/CBMi2wFBVV95cUxOS0hDWFNQNmJLbUFDWXlETnlINXZjY2g2NUFUR1RsTWJKR0dBUWdPbW5LNDhrSU13OTh3MUVwZHlSdU1UMXFuQkRqYmxFVldRU2Nhd2lkNUpKR29QZ3psUWlseGt0VER1Zlp0bGNxTzZjdU9nd0xjNFgyTWNrWlJIa3psVHF4NjlNZ2hjZlNKUDhYZVZ1YzlpZVh6eDVhMTlUSkRZV3oxc2lXSm9aNkRWVHlMd1F2YXRjNmZ1WEVnUUFZbHhLdk9POUxoTmppTFdTYTBNVVNsb0VrWTA?oc=5\" target=\"_blank\" rel=\"nofollow noopener\">Micha\u00ebl Youn balance sur Mask Singer (TF1) : \u00ab\u00a0On m\u2019a menti sur la bonne ambiance\u00a0\u00bb<\/a>&nbsp;&nbsp;T\u00e9l\u00e9 7 Jours<\/li>\n<li><a href=\"https:\/\/news.google.com\/rss\/articles\/CBMi8gFBVV95cUxQQ0ptX0RieEE1NEZBMFFWTEpZOWIwTW9lb2lXSXB2ejBLTXd3aGJpeDBqdnJ2dW0wWnZqSlpjMXdmYTgyeFpXRVZGU0FXNEZGR3VCUUljRnJvcTFRWDhlMnhydmFDbjBLYVNRSUlURUZjZk40b3JYUWZBdlN4ZzBqcGhQdEZ4LXJ2Y3QtQWtOd0dBbXVScFBDSDNWdG96ZXYydzhMOHBMTjVtc2c3aENPVmpjY1BCZkQ3cEpvUldLQ1kzX1hGa094QlY4Z3RLd0RYRE01dTJJN2ZDMU1va1Z1aEZ3UkdtTEJySDF5YUdUSzQ0QQ?oc=5\" target=\"_blank\" rel=\"nofollow noopener\">Dans \u00ab Mask Singer \u00bb, les t\u00e9l\u00e9spectateurs seront pour la premi\u00e8re fois complices d\u2019une star d\u00e9guis\u00e9e<\/a>&nbsp;&nbsp;Le HuffPost<\/li>\n<li><a href=\"https:\/\/news.google.com\/rss\/articles\/CBMilAJBVV95cUxQaDRocmFWdXVGb0pGZl9IUmd2MFVvdjFIaDdXZzJwd08xelF2d1czSzk3c2p2T3pSQkRiSHRDTUFoUzdFWlBrVVJDLXFyLVBUM1BHWnE0Tmw0OFBvT2pKbERGM0QzdHNxb0tjbTVla1VTcHd5V0dFMmJPeGRVbUo4NUF0ZVQ4bmxfTUxIcDMyVk1jS2lKbEw1R0dka2ZSMktRMm9uVTljdXBCdWpIQXlQRXZ2Nk1wcDE3dU1BUVJFem0zcUtaTmpsZU5TSHJkQ3VvQjZnN25pN0hNSDFRa3lzcy11SjkyRWxGNXR6OEtmak1Yb0lEQkpoQ2c5ZzhYdEtkVzFoNGtoSDBLRTFRaDU3Y2tUZHI?oc=5\" target=\"_blank\" rel=\"nofollow noopener\">Micha\u00ebl Youn jur\u00e9 dans \u00ab Mask Singer \u00bb : \u00ab Avec Kev Adams, on peut draguer ensemble mais pas les m\u00eames meufs \u00bb<\/a>&nbsp;&nbsp;Le Parisien<\/li>\n<li><a href=\"https:\/\/news.google.com\/rss\/articles\/CBMicEFVX3lxTE1FMHNBSmk4aER0UTJaZEFya2pwOHpZZTlGaHBjd2YxNmVzM3Ytd1ppOUNlQXBOWG1qc1dSY2VZcXctZ3RRemNHQzFMdGprZmFyWW4xYjZxa25xcnZoMEpNT3RUXzFGbEM0anM4MzY3eGU?oc=5\" target=\"_blank\" rel=\"nofollow noopener\">Mask Singer : \u201cTout le monde triche\u201d, Micha\u00ebl Youn balance sur les coulisses !<\/a>&nbsp;&nbsp;AlloCin\u00e9<\/li>\n<\/ol>\n","protected":false},"excerpt":{"rendered":"Mask Singer d\u00e9j\u00e0 de retour avec une 8e saison ! Enqu\u00eateurs, nouveaux costumes, stars internationales\u2026 tout ce qu\u2019il&hellip;\n","protected":false},"author":2,"featured_media":1445,"comment_status":"","ping_status":"","sticky":false,"template":"","format":"standard","meta":{"footnotes":""},"categories":[1356],"tags":[58,59,1011,27,252,1364],"class_list":{"0":"post-332248","1":"post","2":"type-post","3":"status-publish","4":"format-standard","5":"has-post-thumbnail","7":"category-television","8":"tag-divertissement","9":"tag-entertainment","10":"tag-fr","11":"tag-france","12":"tag-television","13":"tag-tv"},"share_on_mastodon":{"url":"https:\/\/pubeurope.com\/@fr\/115062657859691650","error":""},"_links":{"self":[{"href":"https:\/\/www.europesays.com\/fr\/wp-json\/wp\/v2\/posts\/332248","targetHints":{"allow":["GET"]}}],"collection":[{"href":"https:\/\/www.europesays.com\/fr\/wp-json\/wp\/v2\/posts"}],"about":[{"href":"https:\/\/www.europesays.com\/fr\/wp-json\/wp\/v2\/types\/post"}],"author":[{"embeddable":true,"href":"https:\/\/www.europesays.com\/fr\/wp-json\/wp\/v2\/users\/2"}],"replies":[{"embeddable":true,"href":"https:\/\/www.europesays.com\/fr\/wp-json\/wp\/v2\/comments?post=332248"}],"version-history":[{"count":0,"href":"https:\/\/www.europesays.com\/fr\/wp-json\/wp\/v2\/posts\/332248\/revisions"}],"wp:featuredmedia":[{"embeddable":true,"href":"https:\/\/www.europesays.com\/fr\/wp-json\/wp\/v2\/media\/1445"}],"wp:attachment":[{"href":"https:\/\/www.europesays.com\/fr\/wp-json\/wp\/v2\/media?parent=332248"}],"wp:term":[{"taxonomy":"category","embeddable":true,"href":"https:\/\/www.europesays.com\/fr\/wp-json\/wp\/v2\/categories?post=332248"},{"taxonomy":"post_tag","embeddable":true,"href":"https:\/\/www.europesays.com\/fr\/wp-json\/wp\/v2\/tags?post=332248"}],"curies":[{"name":"wp","href":"https:\/\/api.w.org\/{rel}","templated":true}]}}