{"id":332251,"date":"2025-08-20T19:07:10","date_gmt":"2025-08-20T19:07:10","guid":{"rendered":"https:\/\/www.europesays.com\/fr\/332251\/"},"modified":"2025-08-20T19:07:10","modified_gmt":"2025-08-20T19:07:10","slug":"valeur-sentimentale-de-joachim-trier-une-bouleversante-histoire-de-famille-cruellement-desunie-telerama","status":"publish","type":"post","link":"https:\/\/www.europesays.com\/fr\/332251\/","title":{"rendered":"\u201cValeur sentimentale\u201d, de Joachim Trier : une bouleversante histoire de famille cruellement d\u00e9sunie &#8211; T\u00e9l\u00e9rama"},"content":{"rendered":"<ol>\n<li><a href=\"https:\/\/news.google.com\/rss\/articles\/CBMi3wFBVV95cUxPVWlBWFNtTlpiNG9yb2hra2h0al9feDExOVR5NHBuUkxDb09XZ3lPZEwyX1JERk5SRFV2bTl6R0RBTEVEUzVBNE1OZ1lpbzRuMURrY0ZCaGRDeWZPQzhHS04tUzg2STFQb2RBSmVPOWUtLU9xaHh1cEtoSUttNWVkdVhNZk9sQlJTRGxwc2xWZi15RU5DT0k3eV9YQlJZQ3JZSXZmY2ZjN3JfckQzRkVGeWo5OHJmWDNjQjlOSVRhSFlzZzdVWlcwaS1qRXZaeFdaUVZJcjV4X3lRZ0hDRWlN?oc=5\" target=\"_blank\" rel=\"nofollow noopener\">\u201cValeur sentimentale\u201d, de Joachim Trier : une bouleversante histoire de famille cruellement d\u00e9sunie<\/a>&nbsp;&nbsp;T\u00e9l\u00e9rama<\/li>\n<li><a href=\"https:\/\/news.google.com\/rss\/articles\/CBMi9gFBVV95cUxNX1hzbTRISlU4UkFlSU9sYm9HbXJqNHhmZVdWcTF4dHU5X1dqNXB6M1YyclhNd2xxdjRpNVdzM3AyNTdEZlJnNHZ1cDNobWxCZEpPSEhOQzF5Q2R1dGQzeTdVa3BENzRSNmRUT1FuaHFlbXp4OHhiSVEtdXdwMThRbEFCNUk3RlF6NGN0d3czUGh0NGstUnZUNTNXTDFBc1ZFbTd2TmlXTHpfZnhpbVNWMG1DdVFueGlNMF9OcmZ4WDhHMkZnQzRhOW41dmttZmktUFgwb1NXeUJJdS1TLWd6Q0p0c2hsVVpKMVlseFRkd2daYmRsY2c?oc=5\" target=\"_blank\" rel=\"nofollow noopener\">Dans \u00ab Valeur sentimentale \u00bb, Joachim Trier filme des blessures familiales qui ne se cicatrisent pas<\/a>&nbsp;&nbsp;Le Monde.fr<\/li>\n<li><a href=\"https:\/\/news.google.com\/rss\/articles\/CBMizwFBVV95cUxQbDBKeXNuODloeTRZb3dpVTRNN2ItVGNkOXRxY3FoMGJyMXp4R0dyNmxJc3ViM3hJY3JuaV9QM3R2NW1iRlpPbWMxSmJxWElxZGJveHF6XzlXY25YLTVqM2d3ZGRHQjltZFl0U1lfLXBDUHRRbHJBcmJFTzRrT1pTTFg1QUd6cFlrY2k4NjFSdUhVNW9xcDJJZ2NoQ2hSbEl1d19FdmQ1VXExTFhCakxzZDllY3NVeG1EcVotTkV1YmllbU9JSkhaTWFWZ0VlX2M?oc=5\" target=\"_blank\" rel=\"nofollow noopener\">\u00ab Valeur sentimentale \u00bb, \u00ab Alpha \u00bb, \u00ab Sous tension \u00bb\u2026 Les films \u00e0 voir (ou pas) cette semaine<\/a>&nbsp;&nbsp;Le Nouvel Obs<\/li>\n<li><a href=\"https:\/\/news.google.com\/rss\/articles\/CBMi-AFBVV95cUxOTEVRNVhJMGdjTG93NTgyblRKOVB0cU5rZFJRVkU3WW5raUQzQmhSNzJPVmtNMUc4bldJZEZJSFBNWGFWeTZoSE9CUTZYV3BJVEJ3ZXNteGtBQW03Z2wtbG90cTRDeFM5d2Z1bWF1ejA0MmdIeUZ5M3FvbjZWRExjN0FOdVlhSHhiRlRrMVBCY0hEUHUwY0wwaGhlX3lORHg1LVRXVjJYbHNELXNRSlo1Z2VmbkFfOEFoOUJPUEg5VjF5SDZrLXRISks5VzNYN3pnYnMxdEFOaHBpUTc2RUdKZ2ZJZmJzdVhTVms5ZXFtUy1ERXBlT3NITw?oc=5\" target=\"_blank\" rel=\"nofollow noopener\">Stellan Skarsgard : \u00abJe n\u2019aime pas jouer les dialogues, je cherche \u00e0 tout dire avec mes yeux<\/a>&nbsp;&nbsp;Lib\u00e9ration<\/li>\n<li><a href=\"https:\/\/news.google.com\/rss\/articles\/CBMixAFBVV95cUxOMEhVdFN3cVdmMG1QQzF3Si1fVDJyUjIxb25Ma3cyWXF3Z0lldWh2eDQ4LWw3eDRucHRidG1PN3ZWTW8yVThYN0dJeW9rLVRicHE5dFd4S1ZFVnNSd0U1Y0RGTEJtMlRPTVF2eHJlQVo0eW1vanlnMzlpVVZfa1dHelN0V0RyY1U0SzgxUm1PQW9PT1RGamhLUHdaSk1vNFpKdjV2ZEZCMFdXNjU2cnlCUC0ydnFNeGItaGdEOWd4ZmNlb19Q?oc=5\" target=\"_blank\" rel=\"nofollow noopener\">Des films d\u2019auteur aux blockbusters, Stellan Skarsg\u00e5rd, l\u2019acteur su\u00e9dois tout-terrain<\/a>&nbsp;&nbsp;T\u00e9l\u00e9rama<\/li>\n<\/ol>\n","protected":false},"excerpt":{"rendered":"\u201cValeur sentimentale\u201d, de Joachim Trier : une bouleversante histoire de famille cruellement d\u00e9sunie&nbsp;&nbsp;T\u00e9l\u00e9rama Dans \u00ab Valeur sentimentale \u00bb,&hellip;\n","protected":false},"author":2,"featured_media":332252,"comment_status":"","ping_status":"","sticky":false,"template":"","format":"standard","meta":{"footnotes":""},"categories":[1354],"tags":[58,59,1346,1011,27,1360],"class_list":{"0":"post-332251","1":"post","2":"type-post","3":"status-publish","4":"format-standard","5":"has-post-thumbnail","7":"category-films","8":"tag-divertissement","9":"tag-entertainment","10":"tag-films","11":"tag-fr","12":"tag-france","13":"tag-movies"},"share_on_mastodon":{"url":"https:\/\/pubeurope.com\/@fr\/115062665631951071","error":""},"_links":{"self":[{"href":"https:\/\/www.europesays.com\/fr\/wp-json\/wp\/v2\/posts\/332251","targetHints":{"allow":["GET"]}}],"collection":[{"href":"https:\/\/www.europesays.com\/fr\/wp-json\/wp\/v2\/posts"}],"about":[{"href":"https:\/\/www.europesays.com\/fr\/wp-json\/wp\/v2\/types\/post"}],"author":[{"embeddable":true,"href":"https:\/\/www.europesays.com\/fr\/wp-json\/wp\/v2\/users\/2"}],"replies":[{"embeddable":true,"href":"https:\/\/www.europesays.com\/fr\/wp-json\/wp\/v2\/comments?post=332251"}],"version-history":[{"count":0,"href":"https:\/\/www.europesays.com\/fr\/wp-json\/wp\/v2\/posts\/332251\/revisions"}],"wp:featuredmedia":[{"embeddable":true,"href":"https:\/\/www.europesays.com\/fr\/wp-json\/wp\/v2\/media\/332252"}],"wp:attachment":[{"href":"https:\/\/www.europesays.com\/fr\/wp-json\/wp\/v2\/media?parent=332251"}],"wp:term":[{"taxonomy":"category","embeddable":true,"href":"https:\/\/www.europesays.com\/fr\/wp-json\/wp\/v2\/categories?post=332251"},{"taxonomy":"post_tag","embeddable":true,"href":"https:\/\/www.europesays.com\/fr\/wp-json\/wp\/v2\/tags?post=332251"}],"curies":[{"name":"wp","href":"https:\/\/api.w.org\/{rel}","templated":true}]}}