{"id":332253,"date":"2025-08-20T19:08:09","date_gmt":"2025-08-20T19:08:09","guid":{"rendered":"https:\/\/www.europesays.com\/fr\/332253\/"},"modified":"2025-08-20T19:08:09","modified_gmt":"2025-08-20T19:08:09","slug":"on-detecte-le-haut-de-liceberg-situation-inedite-dans-lhexagone","status":"publish","type":"post","link":"https:\/\/www.europesays.com\/fr\/332253\/","title":{"rendered":"\u00ab\u00a0On d\u00e9tecte le haut de l\u2019iceberg\u00a0\u00bb, situation \u00ab\u00a0in\u00e9dite\u00a0\u00bb dans l\u2019Hexagone"},"content":{"rendered":"<p class=\"interview-question\">Deux cas autochtones r\u00e9cents de \u00ab\u00a0West Nile\u00a0\u00bb en Seine-Saint-Denis, pourquoi est-ce notable\u00a0?<\/p>\n<p class=\"interview-answer\">Cette situation est assez in\u00e9dite car c\u2019est <a href=\"https:\/\/www.sudouest.fr\/environnement\/moustiques\/des-cas-autochtones-de-fievre-west-nile-detectes-en-ile-de-france-du-jamais-vu-25544158.php\" target=\"_blank\" rel=\"follow nofollow noopener\">la premi\u00e8re fois qu\u2019on identifie des cas de fi\u00e8vre West Nile en \u00cele-de-France<\/a>, dans un laps de temps assez court, de forme grave, et, pour la saison aussi, c\u2019est assez pr\u00e9coce\u00a0\u00bb. Des cas de \u00ab\u00a0West Nile\u00a0\u00bb ont d\u00e9j\u00e0 \u00e9t\u00e9 identifi\u00e9s en France hexagonale, mais les ann\u00e9es pr\u00e9c\u00e9dentes, c\u2019\u00e9tait principalement dans le sud-ouest. C\u2019est assez pr\u00e9occupant aussi parce qu\u2019habituellement, le \u00ab\u00a0West Nile\u00a0\u00bb est une maladie en grande partie asymptomatique. Donc en gros, ce qu\u2019on d\u00e9tecte, c\u2019est un peu le haut de l\u2019iceberg. On essaie de comprendre pourquoi il y a eu ces cas en \u00cele-de-France car la r\u00e9gion se trouve un peu en dehors de la voie de circulation migratoire des oiseaux qui peuvent porter le virus.<\/p>\n<p class=\"interview-question\">Les maladies li\u00e9es aux moustiques se transmettent plus et plus t\u00f4t\u00a0?<\/p>\n<p class=\"interview-answer\">Mi-ao\u00fbt, on comptabilisait plus de 150 <a href=\"https:\/\/www.sudouest.fr\/sante\/nouvelle-aquitaine-la-dengue-et-le-chikungunya-autochtones-s-invitent-dans-la-region-ces-foyers-etaient-previsibles-25602278.php\" target=\"_blank\" rel=\"follow nofollow noopener\">cas de transmission locale du virus de la dengue et du Chikungunya<\/a>. La situation est assez in\u00e9dite cette ann\u00e9e\u00a0; en 2024, on \u00e9tait \u00e0 un peu plus de 80 cas sur toute la saison estivale. Le pic de transmissions locales se situe en g\u00e9n\u00e9ral entre le mois d\u2019ao\u00fbt et le mois de septembre [\u2026] avec le retour des voyageurs. Cette ann\u00e9e, on a d\u00e9j\u00e0 atteint quasiment le total de la saison pr\u00e9c\u00e9dente avant m\u00eame d\u2019avoir pass\u00e9 cette p\u00e9riode de pic.<\/p>\n<p class=\"interview-answer\">\u00c9galement in\u00e9dit, le premier cas de Chikungunya a \u00e9t\u00e9 d\u00e9tect\u00e9 d\u00e8s le mois de mai. Les ann\u00e9es pr\u00e9c\u00e9dentes, ce n\u2019\u00e9tait en g\u00e9n\u00e9ral pas avant juin. Globalement, en France, la situation est assez inqui\u00e9tante parce que le nombre de cas et d\u2019\u00e9pisodes augmente chaque ann\u00e9e. Les premi\u00e8res ann\u00e9es, quand on a eu les premi\u00e8res d\u00e9tections, ce n\u2019\u00e9tait pas forc\u00e9ment r\u00e9current.<\/p>\n<p class=\"interview-answer\">L\u00e0, depuis 2022, chaque ann\u00e9e, on d\u00e9tecte des cas de transmission locale, soit <a href=\"https:\/\/www.sudouest.fr\/gironde\/langon\/apres-le-chikungunya-deux-cas-autochtones-de-dengue-en-gironde-les-premiers-dans-la-region-25594942.php\" target=\"_blank\" rel=\"follow nofollow noopener\">du virus de la dengue<\/a> ou du virus du Chikungunya. On a \u00e9galement eu un petit \u00e9pisode de transmission du virus du Zika en France hexagonale. Les foyers sont donc de plus en plus nombreux et importants. Donc, \u00e7a inqui\u00e8te un peu pour les ann\u00e9es \u00e0 venir.<\/p>\n<p class=\"interview-question\">Quelles sont les causes de cette augmentation de cas\u00a0?<\/p>\n<p class=\"interview-answer\">Il y a, bien s\u00fbr, <a href=\"https:\/\/www.sudouest.fr\/sante\/destination-sante\/dengue-chikungunya-zika-les-autorites-sanitaires-s-inquietent-d-une-hausse-des-cas-en-metropole-24561263.php\" target=\"_blank\" rel=\"follow nofollow noopener\">la pr\u00e9sence du moustique tigre sur le territoire<\/a>. Le moustique tigre est arriv\u00e9 en 2004 dans le sud de la France et, en 20\u00a0ans, il a colonis\u00e9 la quasi-totalit\u00e9 du territoire. Et il y a des \u00e9pid\u00e9mies un peu partout dans le monde\u00a0: quand les gens voyagent et reviennent sur le territoire, ils retrouvent le moustique, un vecteur comp\u00e9tent, toutes les conditions sont r\u00e9unies pour une transmission.<\/p>\n<p class=\"interview-answer\">Il y a aussi, bien s\u00fbr, l\u2019environnement. De plus en plus, on se retrouve avec un climat favorable \u00e0 la prolif\u00e9ration du moustique tigre et \u00e0 la transmission de ces arbovirus. Et il y a une \u00e9pid\u00e9mie de chikungunya \u00e0 La R\u00e9union, ce qui augmente la pression d\u2019introduction du virus.<\/p>\n<p class=\"interview-question\">Individuellement, comment \u00e9viter les contaminations\u00a0?<\/p>\n","protected":false},"excerpt":{"rendered":"Deux cas autochtones r\u00e9cents de \u00ab\u00a0West Nile\u00a0\u00bb en Seine-Saint-Denis, pourquoi est-ce notable\u00a0? Cette situation est assez in\u00e9dite car&hellip;\n","protected":false},"author":2,"featured_media":332254,"comment_status":"","ping_status":"","sticky":false,"template":"","format":"standard","meta":{"footnotes":""},"categories":[10],"tags":[1011,27,72,71],"class_list":{"0":"post-332253","1":"post","2":"type-post","3":"status-publish","4":"format-standard","5":"has-post-thumbnail","7":"category-sante","8":"tag-fr","9":"tag-france","10":"tag-health","11":"tag-sante"},"share_on_mastodon":{"url":"https:\/\/pubeurope.com\/@fr\/115062669547597631","error":""},"_links":{"self":[{"href":"https:\/\/www.europesays.com\/fr\/wp-json\/wp\/v2\/posts\/332253","targetHints":{"allow":["GET"]}}],"collection":[{"href":"https:\/\/www.europesays.com\/fr\/wp-json\/wp\/v2\/posts"}],"about":[{"href":"https:\/\/www.europesays.com\/fr\/wp-json\/wp\/v2\/types\/post"}],"author":[{"embeddable":true,"href":"https:\/\/www.europesays.com\/fr\/wp-json\/wp\/v2\/users\/2"}],"replies":[{"embeddable":true,"href":"https:\/\/www.europesays.com\/fr\/wp-json\/wp\/v2\/comments?post=332253"}],"version-history":[{"count":0,"href":"https:\/\/www.europesays.com\/fr\/wp-json\/wp\/v2\/posts\/332253\/revisions"}],"wp:featuredmedia":[{"embeddable":true,"href":"https:\/\/www.europesays.com\/fr\/wp-json\/wp\/v2\/media\/332254"}],"wp:attachment":[{"href":"https:\/\/www.europesays.com\/fr\/wp-json\/wp\/v2\/media?parent=332253"}],"wp:term":[{"taxonomy":"category","embeddable":true,"href":"https:\/\/www.europesays.com\/fr\/wp-json\/wp\/v2\/categories?post=332253"},{"taxonomy":"post_tag","embeddable":true,"href":"https:\/\/www.europesays.com\/fr\/wp-json\/wp\/v2\/tags?post=332253"}],"curies":[{"name":"wp","href":"https:\/\/api.w.org\/{rel}","templated":true}]}}